{"id":60578,"date":"2025-04-29T00:55:08","date_gmt":"2025-04-29T00:55:08","guid":{"rendered":"https:\/\/www.europesays.com\/fr\/60578\/"},"modified":"2025-04-29T00:55:08","modified_gmt":"2025-04-29T00:55:08","slug":"zelensky-denonce-une-tentative-de-manipulation-apres-lannonce-dune-treve-par-poutine","status":"publish","type":"post","link":"https:\/\/www.europesays.com\/fr\/60578\/","title":{"rendered":"Zelensky d\u00e9nonce une \u00ab tentative de manipulation \u00bb, apr\u00e8s l\u2019annonce d\u2019une tr\u00eave par Poutine"},"content":{"rendered":"<p><strong>INSTRUMENTALISATION &#8211; Zelensky accuse Moscou de vouloir \u00ab\u00a0garantir le silence\u00a0\u00bb pour la parade du 9\u00a0mai, apr\u00e8s l\u2019annonce d\u2019un cessez-le-feu unilat\u00e9ral du 8 au 10\u00a0mai. Le pr\u00e9sident ukrainien d\u00e9nonce une \u00ab\u00a0manipulation\u00a0\u00bb de Poutine<\/strong><\/p>\n<p>Alors que <a href=\"https:\/\/www.20minutes.fr\/monde\/vladimir_poutine\/?at_medium=RSS+feed&amp;at_campaign=ynews&amp;utm_source=yahoo&amp;utm_medium=rss&amp;utm_campaign=news_feed&amp;utm_content=in_article_link\" rel=\"nofollow noopener\" target=\"_blank\" data-ylk=\"slk:Vladimir Poutine;elm:context_link;itc:0;sec:content-canvas\" class=\"link \">Vladimir Poutine<\/a> a annonc\u00e9 lundi un <a href=\"https:\/\/www.20minutes.fr\/monde\/cessez_le_feu\/?at_medium=RSS+feed&amp;at_campaign=ynews&amp;utm_source=yahoo&amp;utm_medium=rss&amp;utm_campaign=news_feed&amp;utm_content=in_article_link\" rel=\"nofollow noopener\" target=\"_blank\" data-ylk=\"slk:cessez-le-feu;elm:context_link;itc:0;sec:content-canvas\" class=\"link \">cessez-le-feu<\/a> unilat\u00e9ral du 8 au 10\u00a0mai, \u00e0 l\u2019occasion des comm\u00e9morations de la victoire sur l\u2019Allemagne nazie, <a href=\"https:\/\/www.20minutes.fr\/monde\/volodymyr-zelensky\/?at_medium=RSS+feed&amp;at_campaign=ynews&amp;utm_source=yahoo&amp;utm_medium=rss&amp;utm_campaign=news_feed&amp;utm_content=in_article_link\" rel=\"nofollow noopener\" target=\"_blank\" data-ylk=\"slk:Volodymyr Zelensky;elm:context_link;itc:0;sec:content-canvas\" class=\"link \">Volodymyr Zelensky<\/a> a fermement d\u00e9nonc\u00e9 une \u00ab\u00a0nouvelle tentative de manipulation\u00a0\u00bb de Moscou.<\/p>\n<p>Le <a href=\"https:\/\/www.20minutes.fr\/dossier\/kremlin?at_medium=RSS+feed&amp;at_campaign=ynews&amp;utm_source=yahoo&amp;utm_medium=rss&amp;utm_campaign=news_feed&amp;utm_content=in_article_link\" rel=\"nofollow noopener\" target=\"_blank\" data-ylk=\"slk:Kremlin;elm:context_link;itc:0;sec:content-canvas\" class=\"link \">Kremlin<\/a> a pr\u00e9cis\u00e9 que la tr\u00eave entrerait en vigueur \u00ab\u00a0\u00e0 partir de minuit entre le 7 et le 8\u00a0mai et jusqu\u2019\u00e0 minuit entre le 10 et le 11\u00a0mai\u00a0\u00bb, suspendant \u00ab\u00a0toutes les op\u00e9rations de combat\u00a0\u00bb sur le <a href=\"https:\/\/www.20minutes.fr\/monde\/ukraine\/?at_medium=RSS+feed&amp;at_campaign=ynews&amp;utm_source=yahoo&amp;utm_medium=rss&amp;utm_campaign=news_feed&amp;utm_content=in_article_link\" rel=\"nofollow noopener\" target=\"_blank\" data-ylk=\"slk:front ukrainien;elm:context_link;itc:0;sec:content-canvas\" class=\"link \">front ukrainien<\/a>. Selon Moscou, cette d\u00e9cision a \u00e9t\u00e9 prise \u00ab\u00a0pour des raisons humanitaires\u00a0\u00bb, \u00e0 l\u2019occasion du 80e anniversaire de la fin de la Seconde Guerre mondiale.<\/p>\n<p>Une instrumentalisation cynique<\/p>\n<p>Mais c\u00f4t\u00e9 ukrainien, la r\u00e9action est sans appel. Dans son allocution quotidienne, Volodymyr Zelensky a soulign\u00e9 que ce cessez-le-feu annonc\u00e9 ne vise qu\u2019\u00e0 \u00ab\u00a0garantir le silence\u00a0\u00bb lors de la parade du 9\u00a0mai \u00e0 Moscou, d\u00e9non\u00e7ant une instrumentalisation cynique de la m\u00e9moire historique pour servir des objectifs politiques. \u00ab\u00a0Il y a d\u00e9sormais une nouvelle tentative de manipulation\u00a0\u00bb, a-t-il accus\u00e9, pointant du doigt le choix du calendrier russe.<\/p>\n<p>Le Kremlin, de son c\u00f4t\u00e9, a appel\u00e9 Kiev \u00e0 \u00ab\u00a0suivre cet exemple\u00a0\u00bb, tout en avertissant que les forces russes \u00ab\u00a0fourniront une r\u00e9ponse ad\u00e9quate et efficace\u00a0\u00bb en cas de non-respect de la tr\u00eave. Un avertissement, dans un contexte o\u00f9 les pr\u00e9c\u00e9dents cessez-le-feu, comme celui d\u00e9cr\u00e9t\u00e9 pour P\u00e2ques en avril, n\u2019avaient pas tenu, chacun accusant l\u2019autre camp de violations malgr\u00e9 une l\u00e9g\u00e8re accalmie sur certaines pa(&#8230;)<\/p>\n<p><a href=\"https:\/\/www.20minutes.fr\/monde\/ukraine\/4150851-20250429-guerre-ukraine-zelensky-denonce-tentative-manipulation-apres-annonce-treve-poutine?at_medium=RSS+feed&amp;at_campaign=ynews&amp;utm_source=yahoo&amp;utm_medium=rss&amp;utm_campaign=news_feed&amp;utm_content=read_more_link&quot;\" rel=\"nofollow noopener\" target=\"_blank\" data-ylk=\"slk:Lire la suite sur 20minutes;elm:context_link;itc:0;sec:content-canvas\" class=\"link \">Lire la suite sur 20minutes<\/a><\/p>\n<p>\u00c0 lire aussi :<br \/><a href=\"https:\/\/www.20minutes.fr\/monde\/ukraine\/4149493-20250420-guerre-ukraine-zelensky-accuse-russie-violer-cessez-feu-annonce-poutine-paques?at_medium=RSS+feed&amp;at_campaign=ynews&amp;utm_source=yahoo&amp;utm_medium=rss&amp;utm_campaign=news_feed&amp;utm_content=related_content_link\" rel=\"nofollow noopener\" target=\"_blank\" data-ylk=\"slk:Guerre en Ukraine\u00a0: Zelensky accuse la Russie de violer le cessez-le-feu annonc\u00e9 par Poutine pour P\u00e2ques;elm:context_link;itc:0;sec:content-canvas\" class=\"link \">Guerre en Ukraine\u00a0: Zelensky accuse la Russie de violer le cessez-le-feu annonc\u00e9 par Poutine pour P\u00e2ques<\/a><br \/><a href=\"https:\/\/www.20minutes.fr\/monde\/ukraine\/4149759-20250422-guerre-ukraine-treve-paques-operation-marketing-poutine-denonce-france?at_medium=RSS+feed&amp;at_campaign=ynews&amp;utm_source=yahoo&amp;utm_medium=rss&amp;utm_campaign=news_feed&amp;utm_content=related_content_link\" rel=\"nofollow noopener\" target=\"_blank\" data-ylk=\"slk:Guerre en Ukraine\u00a0: \u00ab\u00a0La tr\u00eave de P\u00e2ques \u00e9tait une op\u00e9ration marketing\u00a0\u00bb de Poutine, d\u00e9nonce la France;elm:context_link;itc:0;sec:content-canvas\" class=\"link \">Guerre en Ukraine\u00a0: \u00ab\u00a0La tr\u00eave de P\u00e2ques \u00e9tait une op\u00e9ration marketing\u00a0\u00bb de Poutine, d\u00e9nonce la France<\/a><\/p>\n","protected":false},"excerpt":{"rendered":"INSTRUMENTALISATION &#8211; Zelensky accuse Moscou de vouloir \u00ab\u00a0garantir le silence\u00a0\u00bb pour la parade du 9\u00a0mai, apr\u00e8s l\u2019annonce d\u2019un&hellip;\n","protected":false},"author":2,"featured_media":60579,"comment_status":"","ping_status":"","sticky":false,"template":"","format":"standard","meta":{"footnotes":""},"categories":[1590],"tags":[11,1777,674,15767,15766,10413,12,2405,220,6746],"class_list":{"0":"post-60578","1":"post","2":"type-post","3":"status-publish","4":"format-standard","5":"has-post-thumbnail","7":"category-ukraine","8":"tag-actualites","9":"tag-eu","10":"tag-europe","11":"tag-fin-de-la-seconde-guerre-mondiale","12":"tag-instrumentalisation","13":"tag-la-treve","14":"tag-news","15":"tag-poutine","16":"tag-ukraine","17":"tag-zelensky"},"share_on_mastodon":{"url":"https:\/\/pubeurope.com\/@fr\/114418530612575828","error":""},"_links":{"self":[{"href":"https:\/\/www.europesays.com\/fr\/wp-json\/wp\/v2\/posts\/60578","targetHints":{"allow":["GET"]}}],"collection":[{"href":"https:\/\/www.europesays.com\/fr\/wp-json\/wp\/v2\/posts"}],"about":[{"href":"https:\/\/www.europesays.com\/fr\/wp-json\/wp\/v2\/types\/post"}],"author":[{"embeddable":true,"href":"https:\/\/www.europesays.com\/fr\/wp-json\/wp\/v2\/users\/2"}],"replies":[{"embeddable":true,"href":"https:\/\/www.europesays.com\/fr\/wp-json\/wp\/v2\/comments?post=60578"}],"version-history":[{"count":0,"href":"https:\/\/www.europesays.com\/fr\/wp-json\/wp\/v2\/posts\/60578\/revisions"}],"wp:featuredmedia":[{"embeddable":true,"href":"https:\/\/www.europesays.com\/fr\/wp-json\/wp\/v2\/media\/60579"}],"wp:attachment":[{"href":"https:\/\/www.europesays.com\/fr\/wp-json\/wp\/v2\/media?parent=60578"}],"wp:term":[{"taxonomy":"category","embeddable":true,"href":"https:\/\/www.europesays.com\/fr\/wp-json\/wp\/v2\/categories?post=60578"},{"taxonomy":"post_tag","embeddable":true,"href":"https:\/\/www.europesays.com\/fr\/wp-json\/wp\/v2\/tags?post=60578"}],"curies":[{"name":"wp","href":"https:\/\/api.w.org\/{rel}","templated":true}]}}