{"id":605781,"date":"2025-12-17T18:26:17","date_gmt":"2025-12-17T18:26:17","guid":{"rendered":"https:\/\/www.europesays.com\/fr\/605781\/"},"modified":"2025-12-17T18:26:17","modified_gmt":"2025-12-17T18:26:17","slug":"paret-peintre-vauquelin-martinez-les-bleus-tres-attendus-sur-paris-nice-en-labsence-des-stars-lequipe","status":"publish","type":"post","link":"https:\/\/www.europesays.com\/fr\/605781\/","title":{"rendered":"Paret-Peintre, Vauquelin, Martinez&#8230; Les Bleus tr\u00e8s attendus sur Paris-Nice en l&#039;absence des stars &#8211; L&#039;\u00c9quipe"},"content":{"rendered":"<ol>\n<li><a href=\"https:\/\/news.google.com\/rss\/articles\/CBMigwJBVV95cUxPelhvWHBINFlQZ09kY3FKVENhTEdENDNiVFlpNjc1cGNqVUlyZ0VMQlJEVkFOQ3h6MVJRNjRHVmlxUExkY3RxWEFSdHhBc3FWXzdUak15Z3J3elduLVQyaTF0Z0Z1TS15dmZwc3RTUUFPRG4yd2lsTlgwWlFzNHpQSUYydUo2TkVxbWp2Rl80dHFjSm9odDVDaERNcFJWbGZxdUFIRmtpOElNZ1YyQVlMSWRTV0NVcGxjQWgxcjh6X21pYlo0TGhpNGp2RDJHZUhHQi10blB4ZFVNVVFVUG5SRTh3MDNTaHRNR1NNdGdSdDN3YkVUcU04NTlJeHB2TzRSOVow?oc=5\" target=\"_blank\" rel=\"noopener\">Paret-Peintre, Vauquelin, Martinez&#8230; Les Bleus tr\u00e8s attendus sur Paris-Nice en l&rsquo;absence des stars<\/a>&nbsp;&nbsp;L&rsquo;\u00c9quipe<\/li>\n<li><a href=\"https:\/\/news.google.com\/rss\/articles\/CBMi0AFBVV95cUxQcHVhblV3OEhzWmZSX19OTUhQNUJWTC1Ed3J4Ukk0MEItTEJ3ZjNCSU5BZUFNRldVTDVDUkpYUHVhSVRsWHNHT2VBZl9fa0VCd2JKZHJxWmNSblZSTXg3d1JkSlJfc1RzU09iNVRTRXNJNTY5cGlQc281RzBnX29HcDZaQmJPY1ZFbVRBUTZ2cklZMXpxaGdoZ0RzT0NPUlFKWktRNHdyZDhvZlp1MWROdlY0Y0czYV9GbC1UTFBoYkdxaWFzRkdPU3BOX2dFTTdO?oc=5\" target=\"_blank\" rel=\"noopener\">Paris-Nice : deux \u00e9tapes en Centre-Val de Loire, un final in\u00e9dit \u00e0 l\u2019Allianz Riviera<\/a>&nbsp;&nbsp;lanouvellerepublique.fr<\/li>\n<li><a href=\"https:\/\/news.google.com\/rss\/articles\/CBMikAJBVV95cUxNVmRYN1EwSkIzamlGS1BVbDFfVWVvZFJYNEpGVGFSdFJBNzhmMWF1VDdvNW1JZWx6SHVoM2RYYjdMTW55bDJZSlRoZEUzRVhiU2NCNEdOM1NSSk9DVHU0SVB4U0pHZWpKM2MwSFBVMnU5ZVVVY181eEtyQVpPU0h5ZEpTbl9CMlRfcE91bjhBRG5ha25WSk1Qd0JibTZOQmpSLTZpS0hnXzhOanhycWVfNUtOenl4clItOTJCQlBsX2g5dFhDODJRTkFGZXpFN2FLRGxDVmpEMlMxczZNN3B5Z0VWWnVMczh0NjJLYlRxcURqU0dnTDAyYmQ0VUtwMHY3bVRmUndGTUxmQXotVFlTWQ?oc=5\" target=\"_blank\" rel=\"noopener\">Le parcours d\u00e9voil\u00e9 : Rendez-vous \u00e0 l&rsquo;Allianz Riviera pour le final<\/a>&nbsp;&nbsp;Eurosport<\/li>\n<li><a href=\"https:\/\/news.google.com\/rss\/articles\/CBMigwJBVV95cUxOMHNEaW1FRzl5Wjd1OTVWdjJHQzA5N3N3WWczQXVLbkNaQlM0eGNoZWEtUjhpN2tmczlDSjhBakxWTk9UTFZNSXBKVjZJMjU5YlY0ajFkbW9SbTJHQldzQUlYc3Z5T0NxeUdXUGlwZHp6VUlpc21MNmEteVFfMThRblY1SHVZOXBXQmZRLUhvQzVLdzZMNG9PMEZ1VjdNa0xfZkVJSzBFUml2S3lxZzB6U0dSRDRsMXdqNjlCMW9fTHg4ejBSVHh0ZHVTVjVJQXJVLUhXYy16Wl9TVW5tRHBIXzZjNHNUSU9WZ2NJWTRGRzNyUHVnY2haQlB3LW9ieW5Xb2FB?oc=5\" target=\"_blank\" rel=\"noopener\">Cyclisme &#8211; INTERVIEW 2025 &#8211; Yannick Talabardon : \u00ab\u00a0On voulait se rapprocher un peu plus de Milan-San Remo\u00a0\u00bb<\/a>&nbsp;&nbsp;Sports &#8211; Orange<\/li>\n<li><a href=\"https:\/\/news.google.com\/rss\/articles\/CBMie0FVX3lxTE1MOHRZMDJNOW13WkptUGJiWEJfMHMwTGpCeUtrQkFXQXZySmxCWmZtRy1nYVg1ZFJsazNvSXNNSGt2Mmk3cDR3LU9lcEZLbzI0WUZPS0duelo4c3c0X2VHcVdUX0VoNzhMRkJSczZZaTAtRG1uRmdQOUk2Zw?oc=5\" target=\"_blank\" rel=\"noopener\">Paris-Nice, des Yvelines \u00e0 Nice en passant par Uchon et Auron : Le parcours 2026<\/a>&nbsp;&nbsp;DirectVelo<\/li>\n<\/ol>\n","protected":false},"excerpt":{"rendered":"Paret-Peintre, Vauquelin, Martinez&#8230; Les Bleus tr\u00e8s attendus sur Paris-Nice en l&rsquo;absence des stars&nbsp;&nbsp;L&rsquo;\u00c9quipe Paris-Nice : deux \u00e9tapes en&hellip;\n","protected":false},"author":2,"featured_media":605782,"comment_status":"","ping_status":"","sticky":false,"template":"","format":"standard","meta":{"footnotes":""},"categories":[1411],"tags":[1154,207,1011,27,60],"class_list":{"0":"post-605781","1":"post","2":"type-post","3":"status-publish","4":"format-standard","5":"has-post-thumbnail","7":"category-cyclisme","8":"tag-cycling","9":"tag-cyclisme","10":"tag-fr","11":"tag-france","12":"tag-sports"},"share_on_mastodon":{"url":"https:\/\/pubeurope.com\/@fr\/115736319414990245","error":""},"_links":{"self":[{"href":"https:\/\/www.europesays.com\/fr\/wp-json\/wp\/v2\/posts\/605781","targetHints":{"allow":["GET"]}}],"collection":[{"href":"https:\/\/www.europesays.com\/fr\/wp-json\/wp\/v2\/posts"}],"about":[{"href":"https:\/\/www.europesays.com\/fr\/wp-json\/wp\/v2\/types\/post"}],"author":[{"embeddable":true,"href":"https:\/\/www.europesays.com\/fr\/wp-json\/wp\/v2\/users\/2"}],"replies":[{"embeddable":true,"href":"https:\/\/www.europesays.com\/fr\/wp-json\/wp\/v2\/comments?post=605781"}],"version-history":[{"count":0,"href":"https:\/\/www.europesays.com\/fr\/wp-json\/wp\/v2\/posts\/605781\/revisions"}],"wp:featuredmedia":[{"embeddable":true,"href":"https:\/\/www.europesays.com\/fr\/wp-json\/wp\/v2\/media\/605782"}],"wp:attachment":[{"href":"https:\/\/www.europesays.com\/fr\/wp-json\/wp\/v2\/media?parent=605781"}],"wp:term":[{"taxonomy":"category","embeddable":true,"href":"https:\/\/www.europesays.com\/fr\/wp-json\/wp\/v2\/categories?post=605781"},{"taxonomy":"post_tag","embeddable":true,"href":"https:\/\/www.europesays.com\/fr\/wp-json\/wp\/v2\/tags?post=605781"}],"curies":[{"name":"wp","href":"https:\/\/api.w.org\/{rel}","templated":true}]}}