{"id":605783,"date":"2025-12-17T18:27:17","date_gmt":"2025-12-17T18:27:17","guid":{"rendered":"https:\/\/www.europesays.com\/fr\/605783\/"},"modified":"2025-12-17T18:27:17","modified_gmt":"2025-12-17T18:27:17","slug":"legypte-en-favorite-lafrique-du-sud-en-embuscade","status":"publish","type":"post","link":"https:\/\/www.europesays.com\/fr\/605783\/","title":{"rendered":"L\u2019\u00c9gypte en favorite, l\u2019Afrique du Sud en embuscade"},"content":{"rendered":"<p><img decoding=\"async\" alt=\"\" style=\"display:none;width:1px;height:1px;\" class=\"perfmatters-lazy\" src=\"https:\/\/www.europesays.com\/fr\/wp-content\/uploads\/2025\/12\/1765996037_940_admin-ajax\"\/><\/p>\n<p style=\"text-align: justify;\" data-start=\"127\" data-end=\"277\"><strong>Deuxi\u00e8me \u00e9tape de notre s\u00e9rie avec le groupe B de la CAN 2025, un groupe dense et ind\u00e9cis o\u00f9 l\u2019\u00c9gypte part favorite face \u00e0 l\u2019Afrique du Sud, l\u2019Angola et le Zimbabwe.<\/strong><\/p>\n<p><strong data-start=\"279\" data-end=\"312\">Le temps presse pour l\u2019\u00c9gypte<\/strong><\/p>\n<p style=\"text-align: justify;\" data-start=\"314\" data-end=\"955\">Recordman de l\u2019\u00e9preuve avec pas moins de 7 titres continentaux, les Pharaons sont par essence toujours cit\u00e9s parmi les favoris avant chaque <strong>CAN<\/strong>. Pourtant, les \u00c9gyptiens sont sevr\u00e9s de titre depuis 2010, une \u00e9ternit\u00e9. Emmen\u00e9s par un <strong>Mohamed Salah<\/strong> qui r\u00eave d\u2019un premier titre apr\u00e8s avoir \u00e9chou\u00e9 en finale par deux fois (2017, 2021), les joueurs de <strong>Hossam Hassan<\/strong> arriveront au <strong>Maroc<\/strong> avec la ferme intention de renouer avec leur glorieux pass\u00e9. Il faudra au pr\u00e9alable bien n\u00e9gocier ce premier tour dans un groupe loin d\u2019\u00eatre facile sur le papier. Le premier match face au <strong>Zimbabwe<\/strong> donnera un premier aper\u00e7u de l\u2019app\u00e9tit \u00e9gyptien dans ce tournoi.<\/p>\n<p><strong data-start=\"957\" data-end=\"998\">L\u2019Afrique du Sud, un s\u00e9rieux outsider<\/strong><\/p>\n<p style=\"text-align: justify;\" data-start=\"1000\" data-end=\"1571\">Demi-finaliste lors de la derni\u00e8re <strong>CAN<\/strong> en <strong>C\u00f4te d\u2019Ivoire<\/strong>, l\u2019<strong>Afrique du Sud<\/strong> a confirm\u00e9 son retour au premier plan en se qualifiant pour la prochaine <strong>Coupe du monde<\/strong>. \u00c0 la t\u00eate des Bafana Bafana depuis mai 2021, <strong>Hugo Broos<\/strong> n\u2019est pas \u00e9tranger \u00e0 cette r\u00e9demption. Le vainqueur de la <strong>CAN 2017<\/strong> s\u2019appuie sur un effectif issu en grande partie du championnat local et du club des <strong>Mamelodi Sundowns<\/strong>, ce qui favorise les automatismes. Une chose est s\u00fbre : les Sud-Africains nourriront des ambitions l\u00e9gitimes au <strong>Maroc<\/strong>, \u00e0 condition de ne pas louper leur entr\u00e9e en lice contre l\u2019<strong>Angola<\/strong>.<\/p>\n<p><strong data-start=\"1573\" data-end=\"1602\">L\u2019Angola, en trouble-f\u00eate<\/strong><\/p>\n<p style=\"text-align: justify;\" data-start=\"1604\" data-end=\"2137\">Derri\u00e8re l\u2019<strong>\u00c9gypte<\/strong> et l\u2019<strong>Afrique du Sud<\/strong>, l\u2019<strong>Angola<\/strong> aura un coup \u00e0 jouer. Quarts de finaliste en <strong>C\u00f4te d\u2019Ivoire<\/strong>, les Palancas Negras tenteront de bousculer la hi\u00e9rarchie. Ils pourront compter sur la riche exp\u00e9rience africaine de<strong> Patrice Beaumelle<\/strong>, qui a pris les r\u00eanes de la s\u00e9lection en septembre dernier. En 9 participations, les Angolais n\u2019ont jamais \u00e9t\u00e9 au-del\u00e0 des quarts de finale. Est-ce qu\u2019ils briseront ce plafond de verre en terre marocaine ? Le premier affrontement face aux Sud-Africains donnera un premier \u00e9l\u00e9ment de r\u00e9ponse.<\/p>\n<p><strong data-start=\"2139\" data-end=\"2170\">Le Zimbabwe en petit Poucet<\/strong><\/p>\n<p style=\"text-align: justify;\" data-start=\"2172\" data-end=\"2859\">\u00c9cart\u00e9 de la derni\u00e8re <strong>CAN<\/strong> en raison d\u2019une suspension de la <strong>CAF<\/strong> pour ing\u00e9rence politique, le <strong>Zimbabwe<\/strong> fait son retour dans le tournoi continental avec un sentiment de revanche. Dans ce groupe relev\u00e9, les Warriors apparaissent comme le petit poucet. N\u00e9anmoins, les hommes de <strong>Mario Marinica<\/strong>, fra\u00eechement nomm\u00e9 au mois de novembre, arriveront sans complexe avec la volont\u00e9 de d\u00e9jouer les pronostics. Ils pourront compter sur la force de frappe de <strong>Musona<\/strong> (26 buts en 53 s\u00e9lections). Pour sa 6e <strong>CAN<\/strong>, le <strong>Zimbabwe<\/strong> n\u2019aura rien \u00e0 perdre, avec l\u2019espoir de franchir pour la premi\u00e8re fois l\u2019obstacle du premier tour, m\u00eame si le premier match face \u00e0 l\u2019<strong>\u00c9gypte<\/strong> sera un bapt\u00eame du feu plus que p\u00e9rilleux.<\/p>\n<p>Le calendrier complet du groupe B<\/p>\n<p><strong>22 d\u00e9cembre<\/strong><\/p>\n<ul class=\"list_unordered\">\n<li>18h: Afrique du Sud-Angola (Grand Stade de Marrakech)<\/li>\n<li>21h: \u00c9gypte-Zimbabwe (Grand Stade d\u2019Agadir)<\/li>\n<\/ul>\n<p><strong>26 d\u00e9cembre<\/strong><\/p>\n<ul class=\"list_unordered\">\n<li>13h30: Angola-Zimbabwe (Grand Stade de Marrakech)<\/li>\n<li>16h: \u00c9gypte-Afrique du Sud (Grand Stade d\u2019Agadir)<\/li>\n<\/ul>\n<p><strong>29 d\u00e9cembre<\/strong><\/p>\n<ul class=\"list_unordered\">\n<li>17h: Angola-\u00c9gypte (Grand Stade d\u2019Agadir)<\/li>\n<li>17h: Zimbabwe-Afrique du Sud (Grand Stade de Marrakech)<\/li>\n<\/ul>\n<p style=\"text-align: right;\" data-start=\"2861\" data-end=\"2879\"><strong data-start=\"2861\" data-end=\"2879\">Youcef Khaloua<\/strong><\/p>\n<p><strong>LIRE EGALEMENT<\/strong> : <strong><a href=\"https:\/\/lagazettedufennec.com\/can-2025-groupe-a-un-statut-a-assumer-pour-le-maroc\/\" target=\"_blank\" rel=\"noopener\">CAN 2025 \/ Groupe A : Un statut \u00e0 assumer pour le Maroc<\/a><\/strong><\/p>\n","protected":false},"excerpt":{"rendered":"Deuxi\u00e8me \u00e9tape de notre s\u00e9rie avec le groupe B de la CAN 2025, un groupe dense et ind\u00e9cis&hellip;\n","protected":false},"author":2,"featured_media":605784,"comment_status":"","ping_status":"","sticky":false,"template":"","format":"standard","meta":{"footnotes":""},"categories":[1410],"tags":[71594,70538,71733,63,1011,27,60],"class_list":{"0":"post-605783","1":"post","2":"type-post","3":"status-publish","4":"format-standard","5":"has-post-thumbnail","7":"category-football","8":"tag-can","9":"tag-can-2025","10":"tag-coupe-dafrique-2025","11":"tag-football","12":"tag-fr","13":"tag-france","14":"tag-sports"},"share_on_mastodon":{"url":"https:\/\/pubeurope.com\/@fr\/115736324182805812","error":""},"_links":{"self":[{"href":"https:\/\/www.europesays.com\/fr\/wp-json\/wp\/v2\/posts\/605783","targetHints":{"allow":["GET"]}}],"collection":[{"href":"https:\/\/www.europesays.com\/fr\/wp-json\/wp\/v2\/posts"}],"about":[{"href":"https:\/\/www.europesays.com\/fr\/wp-json\/wp\/v2\/types\/post"}],"author":[{"embeddable":true,"href":"https:\/\/www.europesays.com\/fr\/wp-json\/wp\/v2\/users\/2"}],"replies":[{"embeddable":true,"href":"https:\/\/www.europesays.com\/fr\/wp-json\/wp\/v2\/comments?post=605783"}],"version-history":[{"count":0,"href":"https:\/\/www.europesays.com\/fr\/wp-json\/wp\/v2\/posts\/605783\/revisions"}],"wp:featuredmedia":[{"embeddable":true,"href":"https:\/\/www.europesays.com\/fr\/wp-json\/wp\/v2\/media\/605784"}],"wp:attachment":[{"href":"https:\/\/www.europesays.com\/fr\/wp-json\/wp\/v2\/media?parent=605783"}],"wp:term":[{"taxonomy":"category","embeddable":true,"href":"https:\/\/www.europesays.com\/fr\/wp-json\/wp\/v2\/categories?post=605783"},{"taxonomy":"post_tag","embeddable":true,"href":"https:\/\/www.europesays.com\/fr\/wp-json\/wp\/v2\/tags?post=605783"}],"curies":[{"name":"wp","href":"https:\/\/api.w.org\/{rel}","templated":true}]}}