{"id":605787,"date":"2025-12-17T18:29:12","date_gmt":"2025-12-17T18:29:12","guid":{"rendered":"https:\/\/www.europesays.com\/fr\/605787\/"},"modified":"2025-12-17T18:29:12","modified_gmt":"2025-12-17T18:29:12","slug":"lenigme-des-menines-de-velazquez-au-coeur-dune-enquete-erudite-et-sensible-liberation","status":"publish","type":"post","link":"https:\/\/www.europesays.com\/fr\/605787\/","title":{"rendered":"L\u2019\u00e9nigme des \u00abM\u00e9nines\u00bb de Vel\u00e1zquez au c\u0153ur d\u2019une enqu\u00eate \u00e9rudite et sensible \u2013 Lib\u00e9ration"},"content":{"rendered":"<p class=\"sc-cPiKLX AiZTS text-element\">\u00abTout est dit, et l\u2019on vient trop tard depuis plus de sept mille ans qu\u2019il y a des hommes et qui pensent\u00bb : quelques \u0153uvres d\u2019art \u00e9chappent \u00e0 l\u2019increvable sentence de La Bruy\u00e8re. C\u2019est le cas des M\u00e9nines, con\u00e7u par <a href=\"https:\/\/www.liberation.fr\/culture\/2015\/03\/25\/velazquez-en-majeste_1228240\/\" target=\"_blank\" rel=\"noopener\" title=\"https:\/\/www.liberation.fr\/culture\/2015\/03\/25\/velazquez-en-majeste_1228240\/\">Vel\u00e1zquez<\/a> en 1656 et achev\u00e9 on ne sait quand, sans doute en 1659. Le tableau est visible \u00e0 Madrid comme un monarque parmi sa cour, comme un fant\u00f4me en son ch\u00e2teau, dans la grande salle en rotonde du <a href=\"https:\/\/www.liberation.fr\/culture\/2007\/06\/05\/le-prado-en-plus-grand-plus-beau_94967\/\" target=\"_blank\" rel=\"noopener\" title=\"https:\/\/www.liberation.fr\/culture\/2007\/06\/05\/le-prado-en-plus-grand-plus-beau_94967\/\">mus\u00e9e du Prado<\/a>. Haute de 3m76, large de 2m93, c\u2019est une galaxie silencieuse et lointaine : la connaissance qu\u2019on en acquiert ne fait qu\u2019\u00e9tendre son charme et son myst\u00e8re. \u00abCar il faut l\u2019avouer, avoue <a href=\"https:\/\/www.liberation.fr\/culture\/arts\/iconophagie-a-voir-et-a-manger-20210423_UAI7YTIOWJEANE6S5HJXTL5HPM\/\" target=\"_blank\" rel=\"noopener\" title=\"https:\/\/www.liberation.fr\/culture\/arts\/iconophagie-a-voir-et-a-manger-20210423_UAI7YTIOWJEANE6S5HJXTL5HPM\/\">J\u00e9r\u00e9mie Koering<\/a>, historien de l\u2019art, dans le livre plein de densit\u00e9 amoureuse qu\u2019il lui consacre, pas un seul regard, pas une seule \u00e9tude, pas une seule r\u00eaverie sur les M\u00e9nines qui ne l<\/p>\n","protected":false},"excerpt":{"rendered":"\u00abTout est dit, et l\u2019on vient trop tard depuis plus de sept mille ans qu\u2019il y a des&hellip;\n","protected":false},"author":2,"featured_media":605788,"comment_status":"","ping_status":"","sticky":false,"template":"","format":"standard","meta":{"footnotes":""},"categories":[1358],"tags":[1348,1384,1385,10488,1386,58,59,123,1011,27],"class_list":{"0":"post-605787","1":"post","2":"type-post","3":"status-publish","4":"format-standard","5":"has-post-thumbnail","7":"category-arts-et-design","8":"tag-arts","9":"tag-arts-and-design","10":"tag-arts-et-design","11":"tag-cahier-livres","12":"tag-design","13":"tag-divertissement","14":"tag-entertainment","15":"tag-espagne","16":"tag-fr","17":"tag-france"},"share_on_mastodon":{"url":"","error":""},"_links":{"self":[{"href":"https:\/\/www.europesays.com\/fr\/wp-json\/wp\/v2\/posts\/605787","targetHints":{"allow":["GET"]}}],"collection":[{"href":"https:\/\/www.europesays.com\/fr\/wp-json\/wp\/v2\/posts"}],"about":[{"href":"https:\/\/www.europesays.com\/fr\/wp-json\/wp\/v2\/types\/post"}],"author":[{"embeddable":true,"href":"https:\/\/www.europesays.com\/fr\/wp-json\/wp\/v2\/users\/2"}],"replies":[{"embeddable":true,"href":"https:\/\/www.europesays.com\/fr\/wp-json\/wp\/v2\/comments?post=605787"}],"version-history":[{"count":0,"href":"https:\/\/www.europesays.com\/fr\/wp-json\/wp\/v2\/posts\/605787\/revisions"}],"wp:featuredmedia":[{"embeddable":true,"href":"https:\/\/www.europesays.com\/fr\/wp-json\/wp\/v2\/media\/605788"}],"wp:attachment":[{"href":"https:\/\/www.europesays.com\/fr\/wp-json\/wp\/v2\/media?parent=605787"}],"wp:term":[{"taxonomy":"category","embeddable":true,"href":"https:\/\/www.europesays.com\/fr\/wp-json\/wp\/v2\/categories?post=605787"},{"taxonomy":"post_tag","embeddable":true,"href":"https:\/\/www.europesays.com\/fr\/wp-json\/wp\/v2\/tags?post=605787"}],"curies":[{"name":"wp","href":"https:\/\/api.w.org\/{rel}","templated":true}]}}