{"id":605804,"date":"2025-12-17T18:39:15","date_gmt":"2025-12-17T18:39:15","guid":{"rendered":"https:\/\/www.europesays.com\/fr\/605804\/"},"modified":"2025-12-17T18:39:15","modified_gmt":"2025-12-17T18:39:15","slug":"vladimir-poutine-qualifie-de-porcs-les-allies-europeens-de-lukraine","status":"publish","type":"post","link":"https:\/\/www.europesays.com\/fr\/605804\/","title":{"rendered":"Vladimir Poutine qualifie de \u00ab\u00a0porcs\u00a0\u00bb les alli\u00e9s europ\u00e9ens de l&rsquo;Ukraine"},"content":{"rendered":"<p>Le pr\u00e9sident russe Vladimir Poutine a menac\u00e9 mercredi que Moscou chercherait \u00e0 \u00e9tendre ses \u00ab\u00a0gains\u00a0\u00bb en Ukraine si Kyiv et ses alli\u00e9s occidentaux rejetaient les demandes du Kremlin.<\/p>\n<p>S&rsquo;exprimant lors d&rsquo;une r\u00e9union annuelle avec les hauts grad\u00e9s de l&rsquo;arm\u00e9e russe, M. Poutine a rejet\u00e9 toute possibilit\u00e9 pour le Kremlin d&rsquo;accepter le plan de paix amend\u00e9 dirig\u00e9 par les \u00c9tats-Unis pour mettre fin \u00e0 sa guerre contre l&rsquo;Ukraine.<\/p>\n<p>Il a d\u00e9clar\u00e9 que Moscou \u00ab\u00a0pr\u00e9f\u00e9rerait\u00a0\u00bb atteindre ses objectifs et \u00ab\u00a0\u00e9liminer les causes profondes\u00a0\u00bb par des moyens diplomatiques, mais que \u00ab\u00a0si la partie adverse et ses protecteurs \u00e9trangers refusent de s&rsquo;engager dans un dialogue de fond, la Russie obtiendra la lib\u00e9ration de ses terres historiques par des moyens militaires\u00a0\u00bb.<\/p>\n<p>Selon Moscou, les \u00ab\u00a0causes profondes\u00a0\u00bb comprennent les aspirations de l&rsquo;Ukraine \u00e0 rejoindre \u00e0 la fois l&rsquo;UE et l&rsquo;OTAN, ainsi que la violation pr\u00e9sum\u00e9e par l&rsquo;OTAN de ses engagements \u00e0 ne pas s&rsquo;\u00e9tendre vers l&rsquo;est, la discrimination pr\u00e9sum\u00e9e de Kyiv \u00e0 l&rsquo;encontre des Russes ethniques et ce que Poutine appelle la \u00ab\u00a0d\u00e9nazification\u00a0\u00bb de l&rsquo;Ukraine.<\/p>\n<p>Poutine et d&rsquo;autres responsables russes ont utilis\u00e9 ces arguments pour justifier l&rsquo;invasion totale de l&rsquo;Ukraine en f\u00e9vrier 2022, mais n&rsquo;ont fourni aucune preuve de ces all\u00e9gations.<\/p>\n<p>Comme Poutine insiste toujours pour atteindre ces faux objectifs, il est probable que le Kremlin poursuive sa guerre contre l&rsquo;Ukraine.<\/p>\n<p><strong>Les porcs europ\u00e9ens voulaient se r\u00e9galer de l&rsquo;effondrement de la Russie<\/strong><\/p>\n<p>Entre-temps, M. Poutine a de nouveau accus\u00e9 l&rsquo;Occident d&rsquo;\u00eatre responsable de la guerre men\u00e9e par Moscou contre l&rsquo;Ukraine, en affirmant que c&rsquo;est lui qui l&rsquo;avait d\u00e9clench\u00e9e.<\/p>\n<p>La Russie a commenc\u00e9 son invasion non provoqu\u00e9e de l&rsquo;Ukraine en f\u00e9vrier 2022 et a refus\u00e9 d&rsquo;y mettre fin ou d&rsquo;accepter un cessez-le-feu.<\/p>\n<p>Le pr\u00e9sident russe a sp\u00e9cifiquement accus\u00e9 la pr\u00e9c\u00e9dente administration am\u00e9ricaine du pr\u00e9sident Joe Biden d&rsquo;avoir \u00ab\u00a0initi\u00e9\u00a0\u00bb la guerre totale de la Russie, ajoutant que les alli\u00e9s de Washington en Europe \u00ab\u00a0se sont joints aux actions de l&rsquo;administration am\u00e9ricaine de l&rsquo;\u00e9poque\u00a0\u00bb dans ce que M. Poutine a d\u00e9crit comme l&rsquo;espoir de tirer profit de l&rsquo;effondrement possible de la Russie.<\/p>\n<p><strong>\u00ab\u00a0Les porcs europ\u00e9ens voulaient se r\u00e9galer de l&rsquo;effondrement de la Russie\u00a0\u00bb<\/strong>, a-t-il d\u00e9clar\u00e9 en utilisant le terme peu courant de \u00ab\u00a0\u043f\u043e\u0434\u0441\u0432\u0438\u043d\u043a\u0438\u00a0\u00bb (\u00ab\u00a0podsvinki\u00a0\u00bb), un mot que l&rsquo;ancien pr\u00e9sident et premier ministre de M. Poutine, Dmitri Medvedev, avait d\u00e9j\u00e0 utilis\u00e9 comme une insulte \u00e0 l&rsquo;encontre des d\u00e9mocraties occidentales.<\/p>\n<p>\u00ab\u00a0Imm\u00e9diatement apr\u00e8s l&rsquo;effondrement de l&rsquo;Union sovi\u00e9tique, il nous a sembl\u00e9 que nous deviendrions rapidement membres de la famille dite civilis\u00e9e des nations europ\u00e9ennes. Aujourd&rsquo;hui, il s&rsquo;av\u00e8re qu&rsquo;il n&rsquo;y a pas de civilisation l\u00e0-bas, seulement une d\u00e9gradation compl\u00e8te\u00a0\u00bb.<\/p>\n<p>Il a poursuivi en critiquant l&rsquo;Europe, d\u00e9clarant que m\u00eame s&rsquo;il \u00ab\u00a0esp\u00e8re\u00a0\u00bb que l&rsquo;Europe reprendra le dialogue avec Moscou, ce sc\u00e9nario est peu probable avec \u00ab\u00a0les \u00e9lites europ\u00e9ennes actuelles\u00a0\u00bb.<\/p>\n<p>M. Poutine a fait r\u00e9f\u00e9rence \u00e0 la possibilit\u00e9 improbable que les dirigeants europ\u00e9ens r\u00e9tablissent le dialogue avec la Russie selon les termes de Moscou et se rangent aux exigences russes.<\/p>\n<p>\u00ab\u00a0Il est peu probable que cela soit possible avec les \u00e9lites politiques actuelles. Mais quoi qu&rsquo;il en soit, cela sera in\u00e9vitable car nous continuons \u00e0 renforcer notre position. Si ce n&rsquo;est pas avec les hommes politiques actuels, ce sera lorsque les \u00e9lites politiques europ\u00e9ennes changeront.<\/p>\n<p>M. Poutine a \u00e9galement d\u00e9clar\u00e9 que l&rsquo;administration am\u00e9ricaine \u00ab\u00a0fait preuve d&rsquo;une telle volont\u00e9\u00a0\u00bb.<\/p>\n<p>\u00ab\u00a0Nous sommes engag\u00e9s dans un dialogue avec eux. J&rsquo;esp\u00e8re qu&rsquo;il en sera de m\u00eame avec l&rsquo;Europe.<\/p>\n<p><strong>Poutine menace l&rsquo;Europe et l&rsquo;Ukraine en faisant jouer ses muscles nucl\u00e9aires<\/strong><\/p>\n<p>S&rsquo;adressant aux hauts grad\u00e9s de l&rsquo;arm\u00e9e russe, M. Poutine a \u00e9galement fait l&rsquo;\u00e9loge de l&rsquo;arm\u00e9e russe et a notamment soulign\u00e9 la modernisation de son arsenal nucl\u00e9aire, affirmant qu&rsquo;aucun autre pays ne pouvait rivaliser avec elle.<\/p>\n<p>\u00ab\u00a0Quatre-vingt-douze pour cent de nos forces nucl\u00e9aires sont modernis\u00e9es. Aucun autre pays, aucune autre puissance nucl\u00e9aire au monde ne dispose d&rsquo;un tel arsenal\u00a0\u00bb, a-t-il d\u00e9clar\u00e9.<\/p>\n<p>\u00ab\u00a0Nous d\u00e9veloppons de nouvelles armes et de nouveaux moyens de destruction. Personne d&rsquo;autre au monde ne les poss\u00e8de et ils n&rsquo;appara\u00eetront pas de sit\u00f4t\u00a0\u00bb.<\/p>\n<p>M. Poutine a notamment \u00e9voqu\u00e9 le nouveau missile balistique russe Oreshnik \u00e0 capacit\u00e9 nucl\u00e9aire et \u00e0 port\u00e9e interm\u00e9diaire, qui, selon lui, entrera officiellement en service ce mois-ci.<\/p>\n<p>La Russie a test\u00e9 pour la premi\u00e8re fois une version \u00e0 armement conventionnel de l&rsquo;Oreshnik pour frapper une usine ukrainienne \u00e0 Dnipro en novembre 2024, et M. Poutine s&rsquo;est vant\u00e9 de l&rsquo;impossibilit\u00e9 d&rsquo;intercepter ce missile.<\/p>\n<p>M. Poutine a fait l&rsquo;\u00e9loge de la guerre totale men\u00e9e par Moscou contre l&rsquo;Ukraine, d\u00e9clarant que gr\u00e2ce \u00e0 cette invasion \u00e0 grande \u00e9chelle, la Russie \u00ab\u00a0a retrouv\u00e9 sa pleine souverainet\u00e9 et est devenue un pays souverain dans tous les sens du terme\u00a0\u00bb.<\/p>\n<p>\u00ab\u00a0La Russie est un \u00c9tat souverain depuis qu&rsquo;elle l&rsquo;a d\u00e9clar\u00e9 en juin 1990, avant la dissolution de l&rsquo;Union sovi\u00e9tique en d\u00e9cembre 1991.<\/p>\n","protected":false},"excerpt":{"rendered":"Le pr\u00e9sident russe Vladimir Poutine a menac\u00e9 mercredi que Moscou chercherait \u00e0 \u00e9tendre ses \u00ab\u00a0gains\u00a0\u00bb en Ukraine si&hellip;\n","protected":false},"author":2,"featured_media":605805,"comment_status":"","ping_status":"","sticky":false,"template":"","format":"standard","meta":{"footnotes":""},"categories":[5],"tags":[11,1011,27,131,14,2025,12,135,28],"class_list":{"0":"post-605804","1":"post","2":"type-post","3":"status-publish","4":"format-standard","5":"has-post-thumbnail","7":"category-international","8":"tag-actualites","9":"tag-fr","10":"tag-france","11":"tag-guerre-en-ukraine","12":"tag-international","13":"tag-invasion-de-la-russie-en-ukraine","14":"tag-news","15":"tag-vladimir-poutine","16":"tag-world"},"share_on_mastodon":{"url":"https:\/\/pubeurope.com\/@fr\/115736370519470697","error":""},"_links":{"self":[{"href":"https:\/\/www.europesays.com\/fr\/wp-json\/wp\/v2\/posts\/605804","targetHints":{"allow":["GET"]}}],"collection":[{"href":"https:\/\/www.europesays.com\/fr\/wp-json\/wp\/v2\/posts"}],"about":[{"href":"https:\/\/www.europesays.com\/fr\/wp-json\/wp\/v2\/types\/post"}],"author":[{"embeddable":true,"href":"https:\/\/www.europesays.com\/fr\/wp-json\/wp\/v2\/users\/2"}],"replies":[{"embeddable":true,"href":"https:\/\/www.europesays.com\/fr\/wp-json\/wp\/v2\/comments?post=605804"}],"version-history":[{"count":0,"href":"https:\/\/www.europesays.com\/fr\/wp-json\/wp\/v2\/posts\/605804\/revisions"}],"wp:featuredmedia":[{"embeddable":true,"href":"https:\/\/www.europesays.com\/fr\/wp-json\/wp\/v2\/media\/605805"}],"wp:attachment":[{"href":"https:\/\/www.europesays.com\/fr\/wp-json\/wp\/v2\/media?parent=605804"}],"wp:term":[{"taxonomy":"category","embeddable":true,"href":"https:\/\/www.europesays.com\/fr\/wp-json\/wp\/v2\/categories?post=605804"},{"taxonomy":"post_tag","embeddable":true,"href":"https:\/\/www.europesays.com\/fr\/wp-json\/wp\/v2\/tags?post=605804"}],"curies":[{"name":"wp","href":"https:\/\/api.w.org\/{rel}","templated":true}]}}