{"id":605810,"date":"2025-12-17T18:42:32","date_gmt":"2025-12-17T18:42:32","guid":{"rendered":"https:\/\/www.europesays.com\/fr\/605810\/"},"modified":"2025-12-17T18:42:32","modified_gmt":"2025-12-17T18:42:32","slug":"saint-genest-lerpt-toujours-beaucoup-de-monde-a-la-distribution-des-oranges-de-lerpt-loisirs","status":"publish","type":"post","link":"https:\/\/www.europesays.com\/fr\/605810\/","title":{"rendered":"Saint-Genest-Lerpt. Toujours beaucoup de monde \u00e0 la distribution des oranges de Lerpt Loisirs"},"content":{"rendered":"<p>Il y avait foule, rue Sadi-Carnot, le jour de la distribution des oranges par Arlette Bernard et Andr\u00e9e Gabion, mais aussi bon nombre de b\u00e9n\u00e9voles de l\u2019association Lerpt Loisirs, \u00e0 l\u2019initiative de cette d\u00e9sormais classique manifestation purement caritative. Cette ann\u00e9e, l\u2019argent ira dans les caisses de l\u2019association des Petits Fr\u00e8res des pauvres.<\/p>\n<p>Une centaine de kilos remis aux Restos du c\u0153ur<\/p>\n<p>Salle Moraire, le stock d\u2019oranges \u00e9tait&#8230;<\/p>\n","protected":false},"excerpt":{"rendered":"Il y avait foule, rue Sadi-Carnot, le jour de la distribution des oranges par Arlette Bernard et Andr\u00e9e&hellip;\n","protected":false},"author":2,"featured_media":605811,"comment_status":"","ping_status":"","sticky":false,"template":"","format":"standard","meta":{"footnotes":""},"categories":[9653],"tags":[1111,11,2430,7539,1777,674,1011,27,12,25,12491,4001,17929,801],"class_list":{"0":"post-605810","1":"post","2":"type-post","3":"status-publish","4":"format-standard","5":"has-post-thumbnail","7":"category-saint-etienne","8":"tag-actu","9":"tag-actualites","10":"tag-auvergne-rhone-alpes","11":"tag-edition-loire-sud","12":"tag-eu","13":"tag-europe","14":"tag-fr","15":"tag-france","16":"tag-news","17":"tag-republique-francaise","18":"tag-roche-la-moliere-bassin","19":"tag-saint-etienne","20":"tag-saint-genest-lerpt","21":"tag-social"},"share_on_mastodon":{"url":"https:\/\/pubeurope.com\/@fr\/115736382258657138","error":""},"_links":{"self":[{"href":"https:\/\/www.europesays.com\/fr\/wp-json\/wp\/v2\/posts\/605810","targetHints":{"allow":["GET"]}}],"collection":[{"href":"https:\/\/www.europesays.com\/fr\/wp-json\/wp\/v2\/posts"}],"about":[{"href":"https:\/\/www.europesays.com\/fr\/wp-json\/wp\/v2\/types\/post"}],"author":[{"embeddable":true,"href":"https:\/\/www.europesays.com\/fr\/wp-json\/wp\/v2\/users\/2"}],"replies":[{"embeddable":true,"href":"https:\/\/www.europesays.com\/fr\/wp-json\/wp\/v2\/comments?post=605810"}],"version-history":[{"count":0,"href":"https:\/\/www.europesays.com\/fr\/wp-json\/wp\/v2\/posts\/605810\/revisions"}],"wp:featuredmedia":[{"embeddable":true,"href":"https:\/\/www.europesays.com\/fr\/wp-json\/wp\/v2\/media\/605811"}],"wp:attachment":[{"href":"https:\/\/www.europesays.com\/fr\/wp-json\/wp\/v2\/media?parent=605810"}],"wp:term":[{"taxonomy":"category","embeddable":true,"href":"https:\/\/www.europesays.com\/fr\/wp-json\/wp\/v2\/categories?post=605810"},{"taxonomy":"post_tag","embeddable":true,"href":"https:\/\/www.europesays.com\/fr\/wp-json\/wp\/v2\/tags?post=605810"}],"curies":[{"name":"wp","href":"https:\/\/api.w.org\/{rel}","templated":true}]}}