{"id":605812,"date":"2025-12-17T18:43:12","date_gmt":"2025-12-17T18:43:12","guid":{"rendered":"https:\/\/www.europesays.com\/fr\/605812\/"},"modified":"2025-12-17T18:43:12","modified_gmt":"2025-12-17T18:43:12","slug":"saint-etienne-sur-reyssouze-les-conscrits-preparent-la-fete-des-classes","status":"publish","type":"post","link":"https:\/\/www.europesays.com\/fr\/605812\/","title":{"rendered":"Saint-\u00c9tienne-sur-Reyssouze. Les conscrits pr\u00e9parent la f\u00eate des classes"},"content":{"rendered":"<p>Les jeunes conscrits pr\u00e9parent activement la f\u00eate qui aura lieu le 14\u00a0f\u00e9vrier prochain.<\/p>\n<p>Ils ont recens\u00e9 les personnes n\u00e9es au cours d\u2019une ann\u00e9e en 6 ou en 1 et commenc\u00e9 la distribution de cocardes. Malheureusement, malgr\u00e9 les moyens mis en \u0153uvre, il se peut que des conscrits r\u00e9sidents ou originaires de Saint-\u00c9tienne aient \u00e9t\u00e9 oubli\u00e9s. Si tel est le cas, les personnes d\u00e9sireuses de participer au banquet peuvent contacter Justine au 06\u00a067\u00a059\u00a035\u00a028.<\/p>\n","protected":false},"excerpt":{"rendered":"Les jeunes conscrits pr\u00e9parent activement la f\u00eate qui aura lieu le 14\u00a0f\u00e9vrier prochain. Ils ont recens\u00e9 les personnes&hellip;\n","protected":false},"author":2,"featured_media":605813,"comment_status":"","ping_status":"","sticky":false,"template":"","format":"standard","meta":{"footnotes":""},"categories":[9653],"tags":[1111,11,2430,6751,1777,674,1011,27,12,44332,25,4001,71168,104,1631],"class_list":{"0":"post-605812","1":"post","2":"type-post","3":"status-publish","4":"format-standard","5":"has-post-thumbnail","7":"category-saint-etienne","8":"tag-actu","9":"tag-actualites","10":"tag-auvergne-rhone-alpes","11":"tag-edition-ain-ouest","12":"tag-eu","13":"tag-europe","14":"tag-fr","15":"tag-france","16":"tag-news","17":"tag-pont-de-vaux-bassin","18":"tag-republique-francaise","19":"tag-saint-etienne","20":"tag-saint-etienne-sur-reyssouze","21":"tag-societe","22":"tag-vie-associative"},"share_on_mastodon":{"url":"https:\/\/pubeurope.com\/@fr\/115736386309948326","error":""},"_links":{"self":[{"href":"https:\/\/www.europesays.com\/fr\/wp-json\/wp\/v2\/posts\/605812","targetHints":{"allow":["GET"]}}],"collection":[{"href":"https:\/\/www.europesays.com\/fr\/wp-json\/wp\/v2\/posts"}],"about":[{"href":"https:\/\/www.europesays.com\/fr\/wp-json\/wp\/v2\/types\/post"}],"author":[{"embeddable":true,"href":"https:\/\/www.europesays.com\/fr\/wp-json\/wp\/v2\/users\/2"}],"replies":[{"embeddable":true,"href":"https:\/\/www.europesays.com\/fr\/wp-json\/wp\/v2\/comments?post=605812"}],"version-history":[{"count":0,"href":"https:\/\/www.europesays.com\/fr\/wp-json\/wp\/v2\/posts\/605812\/revisions"}],"wp:featuredmedia":[{"embeddable":true,"href":"https:\/\/www.europesays.com\/fr\/wp-json\/wp\/v2\/media\/605813"}],"wp:attachment":[{"href":"https:\/\/www.europesays.com\/fr\/wp-json\/wp\/v2\/media?parent=605812"}],"wp:term":[{"taxonomy":"category","embeddable":true,"href":"https:\/\/www.europesays.com\/fr\/wp-json\/wp\/v2\/categories?post=605812"},{"taxonomy":"post_tag","embeddable":true,"href":"https:\/\/www.europesays.com\/fr\/wp-json\/wp\/v2\/tags?post=605812"}],"curies":[{"name":"wp","href":"https:\/\/api.w.org\/{rel}","templated":true}]}}