{"id":605816,"date":"2025-12-17T18:45:21","date_gmt":"2025-12-17T18:45:21","guid":{"rendered":"https:\/\/www.europesays.com\/fr\/605816\/"},"modified":"2025-12-17T18:45:21","modified_gmt":"2025-12-17T18:45:21","slug":"nancy-grace-roman-le-nouveau-telescope-futuriste-devoile-par-la-nasa","status":"publish","type":"post","link":"https:\/\/www.europesays.com\/fr\/605816\/","title":{"rendered":"\u00ab\u00a0Nancy Grace Roman\u00a0\u00bb, le nouveau t\u00e9lescope futuriste d\u00e9voil\u00e9 par la NASA"},"content":{"rendered":"<p>En toute discr\u00e9tion, le 25 novembre dernier, la <a href=\"https:\/\/www.geo.fr\/sciences\/avant-d-envoyer-ses-robots-sur-mars-la-nasa-les-met-au-defi-de-dompter-le-desert-americain-229831\" target=\"_blank\" rel=\"noopener\">NASA<\/a> a franchi une \u00e9tape d\u00e9cisive pour l&rsquo;avenir de l&rsquo;exploration spatiale en finissant l&rsquo;assemblage du t\u00e9lescope Nancy Grace Roman, aussi abr\u00e9g\u00e9 en Roman. C&rsquo;est \u00e0 cette date, dans une salle blanche du centre Goddard \u00e0 Greenbelt, que les deux segments principaux de l&rsquo;instrument ont \u00e9t\u00e9 r\u00e9unis.<\/p>\n<p>Si tout se d\u00e9roule comme pr\u00e9vu, ce successeur du c\u00e9l\u00e8bre Hubble devrait s&rsquo;envoler dans les cieux \u00e0 bord du Falcon Heavy de <a href=\"https:\/\/www.geo.fr\/sciences\/produire-des-fusees-aussi-vite-que-des-voitures-la-chine-planifie-sa-riposte-face-a-spacex-228833\" target=\"_blank\" rel=\"noopener\">SpaceX<\/a> d\u00e8s l&rsquo;automne 2026, pour une mise en orbite autour du point L2 du syst\u00e8me Soleil-Terre. Un calendrier ambitieux, mais tr\u00e8s symbolique pour une mission appel\u00e9e \u00e0 devenir l&rsquo;un des piliers de l&rsquo;astronomie moderne.<\/p>\n<p>\u00ab\u00a0La mise au point finale de Roman marque un tournant d\u00e9cisif pour l&rsquo;agence\u00a0\u00bb, annonce Amit Kshatriya, administrateur associ\u00e9 de la NASA, \u00e0 <a href=\"https:\/\/www.sciencealert.com\/nasa-completes-next-gen-telescope-and-it-could-soon-reveal-whether-were-alone\" target=\"_blank\" rel=\"noopener\">Science Alert<\/a>, saluant au passage le travail d&rsquo;ing\u00e9nierie effectu\u00e9 par l&rsquo;\u00e9quipe \u00ab\u00a0pi\u00e8ce par pi\u00e8ce, test apr\u00e8s test\u00a0\u00bb.<\/p>\n<p>D&rsquo;extraordinaires capacit\u00e9s<\/p>\n<p>Le Roman est un t\u00e9lescope <a href=\"https:\/\/www.geo.fr\/histoire\/des-images-infrarouges-revelent-des-tatouages-vieux-de-3000-ans-sur-des-momies-egyptiennes-198921\" target=\"_blank\" rel=\"noopener\">infrarouge<\/a> qui est appel\u00e9 \u00e0 devenir le fleuron de la flotte de t\u00e9lescopes de la NASA. Il se compose principalement d&rsquo;une cam\u00e9ra \u00e0 large champ et d&rsquo;un coronographe. Son imageur balaiera des portions du ciel 100 fois plus vastes, un champ de vision nettement sup\u00e9rieur \u00e0 celui de <a href=\"https:\/\/www.geo.fr\/sciences\/l-univers-tout-entier-serait-en-rotation-une-piste-pour-resoudre-le-mystere-de-sa-vitesse-d-expansion-226082\" target=\"_blank\" rel=\"noopener\">Hubble<\/a>. Son coronographe, lui, tentera de \u00ab\u00a0bloquer\u00a0\u00bb la lumi\u00e8re ultra-brillante des \u00e9toiles pour mieux observer les plan\u00e8tes autour d&rsquo;elles. \u00ab\u00a0Nous sommes \u00e0 l&rsquo;aube de d\u00e9couvertes scientifiques que nous avons encore du mal \u00e0 imaginer\u00a0\u00bb, explique Julie McEnery, l&rsquo;une des cheffes de projet.<\/p>\n<p>Les pr\u00e9visions donnent le vertige, m\u00eame aux plus grands astronomes. En cinq ans, Roman pourrait r\u00e9v\u00e9ler plus de 100 000 exoplan\u00e8tes, suivre la vie de centaines de millions d&rsquo;\u00e9toiles et observer des milliards de galaxies. Des dizaines de milliers de supernovas devraient aussi passer devant son objectif. \u00ab\u00a0Nous allons apprendre \u00e9norm\u00e9ment de choses sur l&rsquo;Univers, et tr\u00e8s vite apr\u00e8s le lancement\u00a0\u00bb, s&rsquo;\u00e9merveille Julie McEnery. \u00c0 ce rythme, le t\u00e9lescope produira en cinq ans autant d&rsquo;images du ciel que Hubble&#8230; en trois d\u00e9cennies.<\/p>\n<p>Une aide pour comprendre l&rsquo;\u00e9nergie sombre<\/p>\n<p>Une grande partie de la mission sera consacr\u00e9e \u00e0 l&rsquo;<a href=\"https:\/\/www.geo.fr\/environnement\/matiere-noire-ou-energie-sombre-le-futur-accelerateur-de-particules-du-cern-se-precise-218694\" target=\"_blank\" rel=\"noopener\">\u00e9nergie sombre<\/a>, \u00e9galement appel\u00e9e \u00ab\u00a0\u00e9nergie noire\u00a0\u00bb, cette force encore mal comprise qui pousserait l&rsquo;Univers \u00e0 s&rsquo;\u00e9tendre toujours plus vite. Pour la cerner, ou du moins tenter, il est n\u00e9cessaire de scruter le ciel \u00e0 grande \u00e9chelle et suivre l&rsquo;\u00e9volution des galaxies sur des milliards d&rsquo;ann\u00e9es. \u00ab\u00a0Il y a quelque chose de fondamental dans l&rsquo;espace et le temps que nous ne comprenons pas encore et Roman a \u00e9t\u00e9 construit pour le d\u00e9couvrir\u00a0\u00bb, pr\u00e9cise Nicky Fox, responsable scientifique \u00e0 la NASA.<\/p>\n<p>Au cours de son voyage, l&rsquo;incroyable Roman g\u00e9n\u00e9rera pr\u00e8s de 20 p\u00e9taoctets de donn\u00e9es (20 000 t\u00e9raoctets), une moisson destin\u00e9e \u00e0 nourrir la recherche pour les d\u00e9cennies \u00e0 venir. Ce que d&rsquo;autres engins auraient r\u00e9alis\u00e9 en plusieurs si\u00e8cles. Jusqu&rsquo;\u00e0 son transfert au Centre spatial Kennedy en Floride, pour pr\u00e9parer son lancement, il continuera d&rsquo;\u00eatre soumis \u00e0 une batterie de tests au Centre Goddard.<\/p>\n","protected":false},"excerpt":{"rendered":"En toute discr\u00e9tion, le 25 novembre dernier, la NASA a franchi une \u00e9tape d\u00e9cisive pour l&rsquo;avenir de l&rsquo;exploration&hellip;\n","protected":false},"author":2,"featured_media":605817,"comment_status":"","ping_status":"","sticky":false,"template":"","format":"standard","meta":{"footnotes":""},"categories":[9635],"tags":[1111,11,48,386,1777,674,1011,27,7338,775,1702,333,12,25,71736,71737],"class_list":{"0":"post-605816","1":"post","2":"type-post","3":"status-publish","4":"format-standard","5":"has-post-thumbnail","7":"category-nancy","8":"tag-actu","9":"tag-actualites","10":"tag-astronomie","11":"tag-espace","12":"tag-eu","13":"tag-europe","14":"tag-fr","15":"tag-france","16":"tag-galaxie","17":"tag-grand-est","18":"tag-nancy","19":"tag-nasa","20":"tag-news","21":"tag-republique-francaise","22":"tag-tu00e9lescope","23":"tag-u00e9toile"},"share_on_mastodon":{"url":"https:\/\/pubeurope.com\/@fr\/115736394121700526","error":""},"_links":{"self":[{"href":"https:\/\/www.europesays.com\/fr\/wp-json\/wp\/v2\/posts\/605816","targetHints":{"allow":["GET"]}}],"collection":[{"href":"https:\/\/www.europesays.com\/fr\/wp-json\/wp\/v2\/posts"}],"about":[{"href":"https:\/\/www.europesays.com\/fr\/wp-json\/wp\/v2\/types\/post"}],"author":[{"embeddable":true,"href":"https:\/\/www.europesays.com\/fr\/wp-json\/wp\/v2\/users\/2"}],"replies":[{"embeddable":true,"href":"https:\/\/www.europesays.com\/fr\/wp-json\/wp\/v2\/comments?post=605816"}],"version-history":[{"count":0,"href":"https:\/\/www.europesays.com\/fr\/wp-json\/wp\/v2\/posts\/605816\/revisions"}],"wp:featuredmedia":[{"embeddable":true,"href":"https:\/\/www.europesays.com\/fr\/wp-json\/wp\/v2\/media\/605817"}],"wp:attachment":[{"href":"https:\/\/www.europesays.com\/fr\/wp-json\/wp\/v2\/media?parent=605816"}],"wp:term":[{"taxonomy":"category","embeddable":true,"href":"https:\/\/www.europesays.com\/fr\/wp-json\/wp\/v2\/categories?post=605816"},{"taxonomy":"post_tag","embeddable":true,"href":"https:\/\/www.europesays.com\/fr\/wp-json\/wp\/v2\/tags?post=605816"}],"curies":[{"name":"wp","href":"https:\/\/api.w.org\/{rel}","templated":true}]}}