{"id":605824,"date":"2025-12-17T18:49:13","date_gmt":"2025-12-17T18:49:13","guid":{"rendered":"https:\/\/www.europesays.com\/fr\/605824\/"},"modified":"2025-12-17T18:49:13","modified_gmt":"2025-12-17T18:49:13","slug":"pamphlet-contre-la-mort-transforme-en-performance-musicale-jazz-rock-et-electro-a-montpellier","status":"publish","type":"post","link":"https:\/\/www.europesays.com\/fr\/605824\/","title":{"rendered":"Pamphlet contre la mort transform\u00e9 en performance musicale, jazz rock et \u00e9lectro \u00e0 Montpellier"},"content":{"rendered":"<p>\n                                                                Le multi-instrumentiste et com\u00e9dien Joachim Latarjet porte \u00e0 la sc\u00e8ne Pamphlet contre la mort, texte du po\u00e8te Charles Pennequin. Seul en sc\u00e8ne, il m\u00eale voix, instruments et dispositifs sonores pour confronter la mort avec humour et \u00e9nergie vitale. Un spectacle musical aux influences multiples, pr\u00e9sent\u00e9 les 17 et 18\u00a0d\u00e9cembre au Th\u00e9\u00e2tre Jean Vilar \u00e0 Montpellier.\n                            <\/p>\n<p>Des instruments (un trombone, une guitare \u00e9lectrique, une basse, un tuba et un ba\u011flama), une multitude de micros, un mini-ordinateur, une voix, un tabouret\u00a0: le multi-instrumentiste virtuose Joachim Latarjet met en musique et en sc\u00e8ne les mots de Charles Pennequin, ancien gendarme devenu po\u00e8te. Le com\u00e9dien-musicien s\u2019empare de l\u2019ouvrage Pamphlet contre la mort avec l\u2019intention de se moquer de la mort, de la regarder en face avec humour et outrance afin d\u2019en extraire une \u00ab\u00a0\u00e9nergie vitale\u00a0\u00bb d\u00e9bordante et contagieuse.<\/p>\n<p>Diversit\u00e9 musicale et d\u2019interpr\u00e9tation<\/p>\n<p>\u00c9chos, sons de radio, voix de commentateur sportif des ann\u00e9es 1930\u00a0: Joachim Latarjet d\u00e9ploie une palette esth\u00e9tique vari\u00e9e pour \u00e9pouser le style du po\u00e8te, au sein d\u2019une partition musicale qui navigue entre jazz, rock, pop, \u00e9lectro-rock et swamp rock. Un petit moment suspendu, coup de c\u0153ur du directeur du Th\u00e9\u00e2tre Jean Vilar.<\/p>\n<p>Mercredi\u00a017 et jeudi 18\u00a0d\u00e9cembre \u00e0 20\u00a0h. Th\u00e9\u00e2tre Jean Vilar, 155 rue de Bologne, Montpellier. Tarif\u00a0: 5 \u00e0 20\u00a0\u20ac.<\/p>\n","protected":false},"excerpt":{"rendered":"Le multi-instrumentiste et com\u00e9dien Joachim Latarjet porte \u00e0 la sc\u00e8ne Pamphlet contre la mort, texte du po\u00e8te Charles&hellip;\n","protected":false},"author":2,"featured_media":605825,"comment_status":"","ping_status":"","sticky":false,"template":"","format":"standard","meta":{"footnotes":""},"categories":[9599],"tags":[1111,11,872,1777,674,1011,27,7089,2208,12,2680,25],"class_list":{"0":"post-605824","1":"post","2":"type-post","3":"status-publish","4":"format-standard","5":"has-post-thumbnail","7":"category-montpellier","8":"tag-actu","9":"tag-actualites","10":"tag-culture-et-loisirs","11":"tag-eu","12":"tag-europe","13":"tag-fr","14":"tag-france","15":"tag-herault","16":"tag-montpellier","17":"tag-news","18":"tag-occitanie","19":"tag-republique-francaise"},"share_on_mastodon":{"url":"https:\/\/pubeurope.com\/@fr\/115736409938124725","error":""},"_links":{"self":[{"href":"https:\/\/www.europesays.com\/fr\/wp-json\/wp\/v2\/posts\/605824","targetHints":{"allow":["GET"]}}],"collection":[{"href":"https:\/\/www.europesays.com\/fr\/wp-json\/wp\/v2\/posts"}],"about":[{"href":"https:\/\/www.europesays.com\/fr\/wp-json\/wp\/v2\/types\/post"}],"author":[{"embeddable":true,"href":"https:\/\/www.europesays.com\/fr\/wp-json\/wp\/v2\/users\/2"}],"replies":[{"embeddable":true,"href":"https:\/\/www.europesays.com\/fr\/wp-json\/wp\/v2\/comments?post=605824"}],"version-history":[{"count":0,"href":"https:\/\/www.europesays.com\/fr\/wp-json\/wp\/v2\/posts\/605824\/revisions"}],"wp:featuredmedia":[{"embeddable":true,"href":"https:\/\/www.europesays.com\/fr\/wp-json\/wp\/v2\/media\/605825"}],"wp:attachment":[{"href":"https:\/\/www.europesays.com\/fr\/wp-json\/wp\/v2\/media?parent=605824"}],"wp:term":[{"taxonomy":"category","embeddable":true,"href":"https:\/\/www.europesays.com\/fr\/wp-json\/wp\/v2\/categories?post=605824"},{"taxonomy":"post_tag","embeddable":true,"href":"https:\/\/www.europesays.com\/fr\/wp-json\/wp\/v2\/tags?post=605824"}],"curies":[{"name":"wp","href":"https:\/\/api.w.org\/{rel}","templated":true}]}}