{"id":605826,"date":"2025-12-17T18:50:17","date_gmt":"2025-12-17T18:50:17","guid":{"rendered":"https:\/\/www.europesays.com\/fr\/605826\/"},"modified":"2025-12-17T18:50:17","modified_gmt":"2025-12-17T18:50:17","slug":"laurie-peret-a-zenith-de-rouen-2025","status":"publish","type":"post","link":"https:\/\/www.europesays.com\/fr\/605826\/","title":{"rendered":"Laurie Peret \u00e0 Z\u00e9nith de Rouen 2025"},"content":{"rendered":"<p class=\"intro\">Laurie Peret pr\u00e9sente son nouveau spectacle\u00a0\u00ab\u00a0\u00c0 Bient\u00f4t Quelque Part\u00a0\u00bb au Z\u00e9nith de Rouen le mercredi 17 d\u00e9cembre 2025 \u00e0 20h. L&rsquo;humoriste et chanteuse fran\u00e7aise, laur\u00e9ate du Grand Prix Sacem de l&rsquo;humour 2024, livre un one-woman-show intimiste o\u00f9 elle se d\u00e9voile en tant que femme quarantenaire. Cette repr\u00e9sentation unique \u00e0 Rouen promet un m\u00e9lange savoureux d&rsquo;humour incisif et de chansons r\u00e9tro-funk, accompagn\u00e9es de son fid\u00e8le piano. Les billets sont disponibles de 39 \u00e0 42 euros.<\/p>\n<p>\u00c0 Rouen, Laurie Peret investit la sc\u00e8ne du Z\u00e9nith avec son nouveau spectacle<\/p>\n<p>Dans\u00a0\u00ab\u00a0\u00c0 Bient\u00f4t Quelque Part\u00a0\u00bb, <strong>Laurie Peret<\/strong> abandonne son personnage de maman d\u00e9bord\u00e9e pour se r\u00e9v\u00e9ler en tant que femme seule et quarantenaire. Elle d\u00e9peint avec autod\u00e9rision son quotidien fait d&rsquo;inaptitudes m\u00e9nag\u00e8res, d&rsquo;addictions intermittentes et d&rsquo;amours compliqu\u00e9es, d\u00e9crivant sa vie comme\u00a0\u00ab\u00a0un encha\u00eenement de catastrophes divertissantes\u00a0\u00bb. Ce deuxi\u00e8me <strong>spectacle de Laurie Peret au Z\u00e9nith de Rouen<\/strong> marque une \u00e9volution vers un format plus stand-up, tout en conservant sa signature musicale.<\/p>\n<p><img decoding=\"async\" loading=\"lazy\" src=\"https:\/\/www.europesays.com\/fr\/wp-content\/uploads\/2025\/05\/laurie-peret-tickets_264185_2364443_222x222.jpg\" alt=\"Laurie Peret - A Bient\u00f4t Quelque Part - Tourn\u00e9e\" class=\"border\"\/><\/p>\n<p>L&rsquo;artiste retrouve son piano, d\u00e9sormais un v\u00e9ritable instrument aux couleurs retro funk qui remplace le jouet de ses d\u00e9buts. Cette cr\u00e9ation intimiste explore les th\u00e8mes de la renaissance personnelle et de l&rsquo;acceptation de soi, dans un registre plus mature que ses pr\u00e9c\u00e9dentes productions. Les spectateurs de Haute-Normandie d\u00e9couvriront une Laurie Peret plus authentique, qui a enfin appris \u00e0 se conna\u00eetre. Pour d\u00e9couvrir d&rsquo;autres <a href=\"https:\/\/www.jds.fr\/rouen\/agenda\/sorties-culturelles-spectacles-expositions-cinema-470_B\" target=\"_blank\" rel=\"noopener\">spectacles programm\u00e9s \u00e0 Rouen<\/a>, l&rsquo;offre culturelle de la m\u00e9tropole normande reste particuli\u00e8rement riche.<\/p>\n<p>Billetterie pour Laurie Peret\u00a0\u00ab\u00a0\u00c0 Bient\u00f4t Quelque Part\u00a0\u00bb au Z\u00e9nith de Rouen<\/p>\n<p><a class=\"btn btn-lg shadow-lg btn-primary rounded-pill fnac_link\" data-fnac=\"in_article\" href=\"https:\/\/www.awin1.com\/pclick.php?p=42904380935&amp;a=634278&amp;m=12494&amp;clickref=in_article-A-desktop\" target=\"_blank\" rel=\"nofollow noopener\"> Acheter des billets<\/a><\/p>\n<p>Les <strong>billets<\/strong> pour cette repr\u00e9sentation au Z\u00e9nith de Rouen sont propos\u00e9s au <strong>prix de 39 \u00e0 42\u00a0\u20ac<\/strong>. Cette humoriste reconnue, laur\u00e9ate du Grand Prix Sacem de l&rsquo;humour, attire un public fid\u00e8le gr\u00e2ce \u00e0 son style unique m\u00ealant stand-up et musique. Il est conseill\u00e9 de <strong>r\u00e9server<\/strong> rapidement vos places pour cette date unique dans l&rsquo;agglom\u00e9ration rouennaise. Pour suivre l&rsquo;actualit\u00e9 compl\u00e8te de cette artiste talentueuse, consultez tous les <a href=\"https:\/\/www.jds.fr\/artistes\/laurie-peret-6062_N\" target=\"_blank\" rel=\"noopener\">spectacles de Laurie Peret<\/a> programm\u00e9s en France.<\/p>\n<p>Le parcours artistique de Laurie Peret<\/p>\n<p>Originaire de <strong>Maurepas dans les Yvelines<\/strong>, Laurie Peret a construit son art sur une formation compl\u00e8te associant piano, chant et improvisation th\u00e9\u00e2trale. Cette polyvalence lui permet de cr\u00e9er un style artistique unique qui distingue ses spectacles dans le paysage humoristique fran\u00e7ais. Son approche m\u00eale harmonieusement techniques vocales, instrumentales et th\u00e9\u00e2trales pour proposer des cr\u00e9ations originales.<\/p>\n<p>L&rsquo;humoriste s&rsquo;est impos\u00e9e gr\u00e2ce \u00e0 son <strong>m\u00e9lange original de stand-up introspectif et de musique r\u00e9tro-funk<\/strong>, avec son petit piano devenu sa v\u00e9ritable marque de fabrique. Son talent a \u00e9t\u00e9 consacr\u00e9 en 2024 par l&rsquo;attribution du <strong>Grand Prix Sacem de l&rsquo;humour<\/strong>, reconnaissance prestigieuse qui confirme sa place dans l&rsquo;humour fran\u00e7ais contemporain. Pour d\u00e9couvrir son univers, ne manquez pas <a href=\"https:\/\/www.jds.fr\/caen\/spectacles\/humour\/laurie-peret-a-bientot-quelque-part-tournee-1283819_A\" target=\"_blank\" rel=\"noopener\">Laurie Peret \u00e0 Caen<\/a> dans le cadre de sa tourn\u00e9e nationale.<\/p>\n<p>Comment acc\u00e9der au Z\u00e9nith de Rouen\u00a0?<\/p>\n<p>Le Z\u00e9nith de Rouen b\u00e9n\u00e9ficie d&rsquo;un acc\u00e8s privil\u00e9gi\u00e9 en voiture gr\u00e2ce \u00e0 sa proximit\u00e9 avec les principaux axes autoroutiers. Depuis <strong>Paris via l&rsquo;A13<\/strong>, comptez environ 1h15 de trajet, tandis que depuis Le Havre ou Caen, il faut environ 1h de route. Les spectateurs venant de Barentin, F\u00e9camp ou Le Havre peuvent emprunter <strong>l&rsquo;A15 pour seulement 10 minutes<\/strong> de trajet. Un parking gratuit de 4 200 places est disponible, bien que des travaux puissent occasionner des fermetures partielles.<\/p>\n<p>Les transports en commun offrent une alternative pratique avec l&rsquo;<strong>arr\u00eat\u00a0\u00ab\u00a0Z\u00e9nith\/Parc Expo\u00a0\u00bb<\/strong> desservi par plusieurs lignes du r\u00e9seau Astuce. La ligne T4 circule du lundi au samedi de 5h30 \u00e0 minuit avec des passages toutes les 8 minutes en heure de pointe. Les lignes F6, 27, 32 et F9 compl\u00e8tent l&rsquo;offre de transport. Pour plus d&rsquo;informations sur cette salle embl\u00e9matique, consultez la page d\u00e9di\u00e9e au <a href=\"https:\/\/www.jds.fr\/rouen\/le-grand-quevilly\/salle-de-concert-spectacle\/zenith-de-rouen-15867_L\" target=\"_blank\" rel=\"noopener\">Z\u00e9nith de Rouen<\/a> et ses \u00e9quipements.<\/p>\n<p class=\"mise_en_avant\">Notre conseil\u00a0: privil\u00e9giez les transports en commun avec la ligne T4 qui vous d\u00e9pose directement devant la salle, \u00e9vitant ainsi les contraintes de stationnement li\u00e9es aux travaux en cours.<\/p>\n<p>Les amateurs de spectacles musicaux pourront \u00e9galement d\u00e9couvrir prochainement dans cette m\u00eame salle <a href=\"https:\/\/www.jds.fr\/rouen\/spectacles\/spectacle-musical\/les-10-commandements-l-envie-d-aimer-343365_A\" target=\"_blank\" rel=\"noopener\">Les 10 Commandements &#8211; L&rsquo;Envie d&rsquo;Aimer au Z\u00e9nith de Rouen<\/a>, programmation qui confirme la diversit\u00e9 de l&rsquo;offre culturelle de cette salle embl\u00e9matique de la r\u00e9gion normande.<\/p>\n","protected":false},"excerpt":{"rendered":"Laurie Peret pr\u00e9sente son nouveau spectacle\u00a0\u00ab\u00a0\u00c0 Bient\u00f4t Quelque Part\u00a0\u00bb au Z\u00e9nith de Rouen le mercredi 17 d\u00e9cembre 2025&hellip;\n","protected":false},"author":2,"featured_media":132711,"comment_status":"","ping_status":"","sticky":false,"template":"","format":"standard","meta":{"footnotes":""},"categories":[9587],"tags":[1111,11,1777,674,1011,27,12,5161,25,9590],"class_list":{"0":"post-605826","1":"post","2":"type-post","3":"status-publish","4":"format-standard","5":"has-post-thumbnail","7":"category-rouen","8":"tag-actu","9":"tag-actualites","10":"tag-eu","11":"tag-europe","12":"tag-fr","13":"tag-france","14":"tag-news","15":"tag-normandie","16":"tag-republique-francaise","17":"tag-rouen"},"share_on_mastodon":{"url":"https:\/\/pubeurope.com\/@fr\/115736413996897220","error":""},"_links":{"self":[{"href":"https:\/\/www.europesays.com\/fr\/wp-json\/wp\/v2\/posts\/605826","targetHints":{"allow":["GET"]}}],"collection":[{"href":"https:\/\/www.europesays.com\/fr\/wp-json\/wp\/v2\/posts"}],"about":[{"href":"https:\/\/www.europesays.com\/fr\/wp-json\/wp\/v2\/types\/post"}],"author":[{"embeddable":true,"href":"https:\/\/www.europesays.com\/fr\/wp-json\/wp\/v2\/users\/2"}],"replies":[{"embeddable":true,"href":"https:\/\/www.europesays.com\/fr\/wp-json\/wp\/v2\/comments?post=605826"}],"version-history":[{"count":0,"href":"https:\/\/www.europesays.com\/fr\/wp-json\/wp\/v2\/posts\/605826\/revisions"}],"wp:featuredmedia":[{"embeddable":true,"href":"https:\/\/www.europesays.com\/fr\/wp-json\/wp\/v2\/media\/132711"}],"wp:attachment":[{"href":"https:\/\/www.europesays.com\/fr\/wp-json\/wp\/v2\/media?parent=605826"}],"wp:term":[{"taxonomy":"category","embeddable":true,"href":"https:\/\/www.europesays.com\/fr\/wp-json\/wp\/v2\/categories?post=605826"},{"taxonomy":"post_tag","embeddable":true,"href":"https:\/\/www.europesays.com\/fr\/wp-json\/wp\/v2\/tags?post=605826"}],"curies":[{"name":"wp","href":"https:\/\/api.w.org\/{rel}","templated":true}]}}