{"id":605827,"date":"2025-12-17T18:51:14","date_gmt":"2025-12-17T18:51:14","guid":{"rendered":"https:\/\/www.europesays.com\/fr\/605827\/"},"modified":"2025-12-17T18:51:14","modified_gmt":"2025-12-17T18:51:14","slug":"la-boite-de-nuit-so-a-rouen-contrainte-de-fermer-ses-portes-pour-deux-mois","status":"publish","type":"post","link":"https:\/\/www.europesays.com\/fr\/605827\/","title":{"rendered":"la bo\u00eete de nuit \u00ab\u00a0So\u00a0\u00bb \u00e0 Rouen contrainte de fermer ses portes pour deux mois"},"content":{"rendered":"<p class=\"article__intro\">Le So, la bo\u00eete de nuit rouennaise des quais de seine, sera ferm\u00e9 pour deux mois \u00e0 compter du vendredi 19 d\u00e9cembre. Une d\u00e9cision pr\u00e9fectorale qui fait suite \u00e0 de nouvelles infractions sur l&rsquo;alcool, vendu \u00e0 des mineurs et des personnes en \u00e9tat d&rsquo;ivresse. L&rsquo;ann\u00e9e derni\u00e8re l&rsquo;\u00e9tablissement avait d\u00fb fermer ses portes \u00e0 la m\u00eame p\u00e9riode, pour des raisons identiques.<\/p>\n<p>\n      La Quotidienne Soci\u00e9t\u00e9\n    <\/p>\n<p>\n      De la vie quotidienne aux grands enjeux, recevez tous les jours les sujets qui font la soci\u00e9t\u00e9 locale, comme la justice, l\u2019\u00e9ducation, la sant\u00e9 et la famille.\n    <\/p>\n<p>    France T\u00e9l\u00e9visions utilise votre adresse e-mail afin de vous envoyer la newsletter \u00ab\u00a0La Quotidienne Soci\u00e9t\u00e9\u00a0\u00bb. Vous pouvez vous d\u00e9sinscrire \u00e0 tout moment via le lien en bas de cette newsletter. <a target=\"_blank\" href=\"https:\/\/www.francetelevisions.fr\/groupe\/confidentialite\/politique-de-confidentialite\/politique-de-confidentialite-de-france-televisions-6503\" rel=\"noopener\">Notre politique de confidentialit\u00e9<\/a><\/p>\n<p>Les f\u00eates de fin d&rsquo;ann\u00e9e s&rsquo;av\u00e8rent difficiles pour la bo\u00eete de nuit le So, install\u00e9e sur les quais rive droite, \u00e0 Rouen (Seine-Maritime). La pr\u00e9fecture de la Seine-Maritime vient de prendre un nouvel arr\u00eat\u00e9 de fermeture de deux mois \u00e0 compter du vendredi 19 d\u00e9cembre, pour des faits d&rsquo;infraction sur la vente d&rsquo;alcool.<\/p>\n<p><strong>Vente d&rsquo;alcool \u00e0 une personne mineure<\/strong><\/p>\n<p>La pr\u00e9fecture reproche \u00e0 l&rsquo;\u00e9tablissement d&rsquo;avoir vendu des boissons alcoolis\u00e9es \u00e0 une personne mineure, ainsi qu&rsquo;\u00e0 des personnes manifestement ivres. <br \/>Si la sanction est tomb\u00e9e aujourd&rsquo;hui, les faits incrimin\u00e9s dateraient d&rsquo;il y a plusieurs mois.<\/p>\n<\/p>\n<p>\u00ab\u00a0Cette d\u00e9cision est disproportionn\u00e9e par rapport aux faits qui nous sont reproch\u00e9s. Notre objectif l\u00e0, c&rsquo;est de sauver les 30 emplois au sein de l&rsquo;\u00e9tablissement, et de pouvoir rouvrir bient\u00f4t\u00a0\u00bb. Nicolas Lamotte est le g\u00e9rant du So, et le moins que l&rsquo;on puisse dire est que cette d\u00e9cision pr\u00e9fectorale lui semble particuli\u00e8rement injuste.<\/p>\n<p>La pr\u00e9fecture de la Seine-Maritime reproche notamment \u00e0 l&rsquo;\u00e9tablissement d&rsquo;avoir servi de l&rsquo;alcool \u00e0 une jeune femme de 17 ans. \u00ab\u00a0Cette jeune fille \u00e9tait accompagn\u00e9e d&rsquo;un groupe d&rsquo;adultes pour entrer dans l&rsquo;\u00e9tablissement. On lui a demand\u00e9 son \u00e2ge et elle a r\u00e9pondu 18 ans. On lui a fait confiance car on connaissait des personnes dans ce groupe. Ils ont achet\u00e9 une bouteille d&rsquo;alcool pour huit, et la jeune fille n&rsquo;a rien consomm\u00e9, c&rsquo;est elle qui l&rsquo;atteste ! Comment prouver l&rsquo;\u00e9tat d&rsquo;ivresse d&rsquo;une personne qui est rest\u00e9e tr\u00e8s peu dans l&rsquo;\u00e9tablissement, et qui confirme avoir bu dans un v\u00e9hicule \u00e0 l&rsquo;ext\u00e9rieur ?\u00a0\u00bb poursuit le g\u00e9rant.<\/p>\n<blockquote class=\"ftvi_content_quote\">\n<p class=\"ftvi_citation_quote\">Exploiter un \u00e9tablissement nocturne, c&rsquo;est tr\u00e8s p\u00e9rilleux, on ne peut pas fermer deux mois parce qu&rsquo;une jeune femme a menti sur son \u00e2ge et consomm\u00e9 en-dehors de l&rsquo;\u00e9tablissement\u00a0\u00bb<\/p>\n<p>Nicolas Lamotte, g\u00e9rant de la discoth\u00e8que le So<\/p><\/blockquote>\n<p>Le g\u00e9rant d\u00e9plore aussi que cette sanction tombe au moment des f\u00eates, \u00e0 la m\u00eame p\u00e9riode que l&rsquo;ann\u00e9e derni\u00e8re. En 26 ans de m\u00e9tier sans aucune sanction, Nicolas Lamotte ne comprend pas ces deux m\u00eames fermetures administratives coup sur coup. \u00ab\u00a0La sanction aurait pu prendre effet apr\u00e8s les f\u00eates\u00a0\u00bb regrette-t-il.<\/p>\n<p>L&rsquo;ann\u00e9e derni\u00e8re d\u00e9j\u00e0, en 2024, l&rsquo;\u00e9tablissement de nuit avait d\u00fb fermer ses portes et annuler des f\u00eates de fin d&rsquo;ann\u00e9e pour les m\u00eames raisons. La soir\u00e9e \u00ab\u00a0Dream 2025\u00a0\u00bb, annul\u00e9e, s&rsquo;\u00e9tait av\u00e9r\u00e9e un cauchemar pour le chiffre d\u2019affaires du So.<\/p>\n<p>Une bagarre entre deux clients et des videurs de l&rsquo;\u00e9tablissement en novembre 2024 avait aussi pes\u00e9 dans la d\u00e9cision de la pr\u00e9fecture. L<a href=\"https:\/\/france3-regions.franceinfo.fr\/normandie\/seine-maritime\/rouen\/un-corps-retrouve-dans-la-seine-des-elements-peuvent-laisser-penser-qu-il-pourrait-s-agir-d-owen-cerf-3045733.html\" target=\"_blank\" rel=\"noopener\" data-tooltip-url=\"https:\/\/france3-regions.franceinfo.fr\/normandie\/seine-maritime\/rouen\/un-corps-retrouve-dans-la-seine-des-elements-peuvent-laisser-penser-qu-il-pourrait-s-agir-d-owen-cerf-3045733.html\">a mort d&rsquo;Owen<\/a>, un jeune homme de 19 ans retrouv\u00e9 noy\u00e9 dans la Seine apr\u00e8s une f\u00eate au So, dans la nuit du 5 au 6 octobre 2024, avait aussi \u00e0 l&rsquo;\u00e9poque motiv\u00e9 la pr\u00e9fecture \u00e0 mettre en place cet arr\u00eat\u00e9. Un \u00e9v\u00e9nement que la direction de la bo\u00eete de nuit, soutenue par la m\u00e8re du jeune homme, ne consid\u00e9rait pas comme li\u00e9 \u00e0 la consommation d&rsquo;alcool, mais plut\u00f4t \u00e0 la s\u00e9curit\u00e9 sur les quais de Seine.<\/p>\n<p>Cette semaine, cinq fermetures administratives ont \u00e9t\u00e9 prononc\u00e9es dans l&rsquo;agglom\u00e9ration rouennaise \u00e0 l&rsquo;encontre d&rsquo;\u00e9tablissements de nuit ou de d\u00e9bits de boissons (Caf\u00e9 de Rouen, le Sacre &#8230;), et toujours pour des motifs li\u00e9s \u00e0 l&rsquo;alcool. La r\u00e9pression se durcit pour tous les faits li\u00e9s \u00e0 une alcoolisation excessive.<\/p>\n<p>Le So s&rsquo;est pourtant engag\u00e9 aussi dans cette lutte, en distribuant 30 000 bouteilles d&rsquo;eau par an aux noctambules, ou en mettant \u00e0 disposition gracieusement plus de 10 000 \u00e9thylotests et \u00ab\u00a0kits cool\u00a0\u00bb, contenant bouchons d&rsquo;oreilles, prot\u00e8ge verre et pr\u00e9servatifs. <\/p>\n<p>Le So n&rsquo;a pas encore d\u00e9cid\u00e9 s&rsquo;il allait recourir ou non \u00e0 une proc\u00e9dure en r\u00e9f\u00e9r\u00e9 aupr\u00e8s du tribunal administratif de Rouen.<br \/>En attendant, l&rsquo;\u00e9tablissement maintient son After Work jeudi 18 d\u00e9cembre soir, mais doit reporter ult\u00e9rieurement le spectacle de DJ Ben qui devrait se produire vendredi 19 d\u00e9cembre. La soir\u00e9e club du 31 est annul\u00e9e, mais la soir\u00e9e traiteur sera d\u00e9localis\u00e9e.<\/p>\n","protected":false},"excerpt":{"rendered":"Le So, la bo\u00eete de nuit rouennaise des quais de seine, sera ferm\u00e9 pour deux mois \u00e0 compter&hellip;\n","protected":false},"author":2,"featured_media":605828,"comment_status":"","ping_status":"","sticky":false,"template":"","format":"standard","meta":{"footnotes":""},"categories":[9587],"tags":[1111,11,1777,674,1011,27,12,5161,25,9590],"class_list":{"0":"post-605827","1":"post","2":"type-post","3":"status-publish","4":"format-standard","5":"has-post-thumbnail","7":"category-rouen","8":"tag-actu","9":"tag-actualites","10":"tag-eu","11":"tag-europe","12":"tag-fr","13":"tag-france","14":"tag-news","15":"tag-normandie","16":"tag-republique-francaise","17":"tag-rouen"},"share_on_mastodon":{"url":"https:\/\/pubeurope.com\/@fr\/115736417725944927","error":""},"_links":{"self":[{"href":"https:\/\/www.europesays.com\/fr\/wp-json\/wp\/v2\/posts\/605827","targetHints":{"allow":["GET"]}}],"collection":[{"href":"https:\/\/www.europesays.com\/fr\/wp-json\/wp\/v2\/posts"}],"about":[{"href":"https:\/\/www.europesays.com\/fr\/wp-json\/wp\/v2\/types\/post"}],"author":[{"embeddable":true,"href":"https:\/\/www.europesays.com\/fr\/wp-json\/wp\/v2\/users\/2"}],"replies":[{"embeddable":true,"href":"https:\/\/www.europesays.com\/fr\/wp-json\/wp\/v2\/comments?post=605827"}],"version-history":[{"count":0,"href":"https:\/\/www.europesays.com\/fr\/wp-json\/wp\/v2\/posts\/605827\/revisions"}],"wp:featuredmedia":[{"embeddable":true,"href":"https:\/\/www.europesays.com\/fr\/wp-json\/wp\/v2\/media\/605828"}],"wp:attachment":[{"href":"https:\/\/www.europesays.com\/fr\/wp-json\/wp\/v2\/media?parent=605827"}],"wp:term":[{"taxonomy":"category","embeddable":true,"href":"https:\/\/www.europesays.com\/fr\/wp-json\/wp\/v2\/categories?post=605827"},{"taxonomy":"post_tag","embeddable":true,"href":"https:\/\/www.europesays.com\/fr\/wp-json\/wp\/v2\/tags?post=605827"}],"curies":[{"name":"wp","href":"https:\/\/api.w.org\/{rel}","templated":true}]}}