{"id":605829,"date":"2025-12-17T18:52:12","date_gmt":"2025-12-17T18:52:12","guid":{"rendered":"https:\/\/www.europesays.com\/fr\/605829\/"},"modified":"2025-12-17T18:52:12","modified_gmt":"2025-12-17T18:52:12","slug":"le-parquet-de-grenoble-veut-faire-evoluer-sa-politique-penale","status":"publish","type":"post","link":"https:\/\/www.europesays.com\/fr\/605829\/","title":{"rendered":"le parquet de Grenoble veut faire \u00e9voluer sa politique p\u00e9nale"},"content":{"rendered":"<p>Jeudi 11\u00a0d\u00e9cembre, la commission d\u00e9partementale de sortie de prostitution s\u2019est r\u00e9unie \u00e0 la pr\u00e9fecture de l\u2019Is\u00e8re pour \u00e9voquer les moyens mis en \u0153uvre et le renouvellement des parcours des 29 personnes qui en sont, \u00e0 ce jour, b\u00e9n\u00e9ficiaires.<\/p>\n<p>Charl\u00e8ne Duquesnay, secr\u00e9taire g\u00e9n\u00e9rale adjointe \u00e0 la pr\u00e9fecture, a ainsi rappel\u00e9 que le 25\u00a0novembre dernier, lors de la pr\u00e9sentation du \u201c <a href=\"https:\/\/www.ledauphine.com\/faits-divers-justice\/2025\/11\/26\/violences-sexistes-et-sexuelles-les-femmes-et-les-enfants-d-abord\" target=\"_blank\" rel=\"noopener\">protocole de pr\u00e9vention et de lutte contre les violences sexistes et sexuelles de l\u2019Is\u00e8re\u201d<\/a> , un axe \u00e9tait enti\u00e8rement d\u00e9di\u00e9 \u00e0 la lutte contre la prostitution. \u00ab\u00a0Cette commission est un des outils de cette lutte. Outre l\u2019accompagnement des personnes qui ont souvent connu des violences graves et sont dans des situations de vuln\u00e9rabilit\u00e9 terribles, il s\u2019agit aussi de lutter contre les fili\u00e8res de traite des \u00eatres humains et le prox\u00e9n\u00e9tisme\u00a0\u00bb, a-t-elle ajout\u00e9.<\/p>\n<p>  \u00ab\u00a0La prostitution des mineurs a \u00e9volu\u00e9 structurellement avec la dimension num\u00e9rique\u00a0\u00bb<\/p>\n<p>Sarah Marcato, d\u00e9l\u00e9gu\u00e9e aux droits des femmes et \u00e0 l\u2019\u00e9galit\u00e9 aupr\u00e8s de la pr\u00e9f\u00e8te de l\u2019Is\u00e8re, a d\u00e9taill\u00e9 les diff\u00e9rents objectifs poursuivis\u00a0: \u00ab\u00a0Le premier, c\u2019est la pr\u00e9vention \u2013 comment on identifie les victimes, majeures et mineures, de la mani\u00e8re la plus pr\u00e9coce possible \u2013, le deuxi\u00e8me, c\u2019est leur accompagnement et leur prise en charge sanitaire pour qu\u2019elles s\u2019extraient de la prostitution\u00a0; et un dernier axe est consacr\u00e9 \u00e0 l\u2019exploitation sexuelle des mineurs via les associations sp\u00e9cialis\u00e9es mais aussi le parquet et les forces de l\u2019ordre. L\u2019id\u00e9e est d\u2019\u00eatre tr\u00e8s op\u00e9rationnelle\u00a0\u00bb.<\/p>\n<p>Il s\u2019agit aussi de travailler sur les fili\u00e8res \u00ab\u00a0et particuli\u00e8rement sur les salons de massage, dont on sait qu\u2019il y a de la prostitution\u00a0\u00bb et de s\u2019attaquer aux clients \u00ab\u00a0qui ach\u00e8tent des actes sexuels alors que c\u2019est absolument interdit\u00a0\u00bb. Notamment en cr\u00e9ant des stages de sensibilisation.<\/p>\n<p>\u00ab\u00a0C\u2019est un projet qui reste toutefois \u00e0 construire en s\u2019inspirant de ce qui se fait ailleurs\u00a0\u00bb, a nuanc\u00e9 Marianne Thirard, procureure adjointe de la R\u00e9publique de Grenoble. \u00ab\u00a0Aujourd\u2019hui, les clients sont sanctionn\u00e9s par une contravention de 5e\u00a0 classe. Ces stages seraient aussi un moyen d\u2019amorcer une r\u00e9flexion de leur part\u00a0\u00bb, a-t-elle pr\u00e9cis\u00e9 en soulignant qu\u2019en la mati\u00e8re, \u00ab\u00a0on a une grande difficult\u00e9 \u00e0 mener des enqu\u00eates de fond. Le parquet de Grenoble essaie donc de travailler sur une politique p\u00e9nale sur un ph\u00e9nom\u00e8ne difficile \u00e0 appr\u00e9hender sur le plan judiciaire\u00a0\u00bb.<\/p>\n<p>Les repr\u00e9sentants des associations concern\u00e9es, \u00e9galement pr\u00e9sents, ont pour leur part abord\u00e9 l\u2019\u00e9volution du ph\u00e9nom\u00e8ne, notamment chez les jeunes. \u00ab\u00a0La prostitution des mineurs n\u2019est pas nouvelle mais elle a \u00e9volu\u00e9 structurellement avec la dimension num\u00e9rique, les r\u00e9seaux sociaux et les plateformes qui sont des leviers facilitant l\u2019entr\u00e9e ou le maintien dans la prostitution. On est face \u00e0 un public de jeunes, et de jeunes filles majoritairement, qui ne se sentent pas forc\u00e9ment victimes et ne mesurent pas les impacts traumatiques\u00a0\u00bb, alertait Lo\u00efc Jacquemoud, pr\u00e9sident de l\u2019association Alth\u00e9a.<\/p>\n<p>Agn\u00e8s Bonneau, de l\u2019Amicale du Nid, soulignant la \u00ab\u00a0r\u00e9elle n\u00e9cessit\u00e9 de collaboration et de coop\u00e9ration entre les institutions et les associations\u00a0\u00bb.<\/p>\n","protected":false},"excerpt":{"rendered":"Jeudi 11\u00a0d\u00e9cembre, la commission d\u00e9partementale de sortie de prostitution s\u2019est r\u00e9unie \u00e0 la pr\u00e9fecture de l\u2019Is\u00e8re pour \u00e9voquer&hellip;\n","protected":false},"author":2,"featured_media":605830,"comment_status":"","ping_status":"","sticky":false,"template":"","format":"standard","meta":{"footnotes":""},"categories":[9566],"tags":[1111,11,2430,271,272,112,113,114,1777,674,274,107,1011,27,2731,108,12,25],"class_list":{"0":"post-605829","1":"post","2":"type-post","3":"status-publish","4":"format-standard","5":"has-post-thumbnail","7":"category-grenoble","8":"tag-actu","9":"tag-actualites","10":"tag-auvergne-rhone-alpes","11":"tag-crime","12":"tag-delit-et-contravention","13":"tag-edition-grenoble-agglomeration","14":"tag-edition-gresivaudan-oisans","15":"tag-edition-voiron-saint-marcellin","16":"tag-eu","17":"tag-europe","18":"tag-faits-divers-justice","19":"tag-fil-info","20":"tag-fr","21":"tag-france","22":"tag-grenoble","23":"tag-isere","24":"tag-news","25":"tag-republique-francaise"},"share_on_mastodon":{"url":"https:\/\/pubeurope.com\/@fr\/115736421701102596","error":""},"_links":{"self":[{"href":"https:\/\/www.europesays.com\/fr\/wp-json\/wp\/v2\/posts\/605829","targetHints":{"allow":["GET"]}}],"collection":[{"href":"https:\/\/www.europesays.com\/fr\/wp-json\/wp\/v2\/posts"}],"about":[{"href":"https:\/\/www.europesays.com\/fr\/wp-json\/wp\/v2\/types\/post"}],"author":[{"embeddable":true,"href":"https:\/\/www.europesays.com\/fr\/wp-json\/wp\/v2\/users\/2"}],"replies":[{"embeddable":true,"href":"https:\/\/www.europesays.com\/fr\/wp-json\/wp\/v2\/comments?post=605829"}],"version-history":[{"count":0,"href":"https:\/\/www.europesays.com\/fr\/wp-json\/wp\/v2\/posts\/605829\/revisions"}],"wp:featuredmedia":[{"embeddable":true,"href":"https:\/\/www.europesays.com\/fr\/wp-json\/wp\/v2\/media\/605830"}],"wp:attachment":[{"href":"https:\/\/www.europesays.com\/fr\/wp-json\/wp\/v2\/media?parent=605829"}],"wp:term":[{"taxonomy":"category","embeddable":true,"href":"https:\/\/www.europesays.com\/fr\/wp-json\/wp\/v2\/categories?post=605829"},{"taxonomy":"post_tag","embeddable":true,"href":"https:\/\/www.europesays.com\/fr\/wp-json\/wp\/v2\/tags?post=605829"}],"curies":[{"name":"wp","href":"https:\/\/api.w.org\/{rel}","templated":true}]}}