{"id":605835,"date":"2025-12-17T18:55:25","date_gmt":"2025-12-17T18:55:25","guid":{"rendered":"https:\/\/www.europesays.com\/fr\/605835\/"},"modified":"2025-12-17T18:55:25","modified_gmt":"2025-12-17T18:55:25","slug":"ils-volaient-des-telephones-sous-la-menace-dun-couteau-dans-le-metro-et-au-thabor-deux","status":"publish","type":"post","link":"https:\/\/www.europesays.com\/fr\/605835\/","title":{"rendered":"Ils volaient des t\u00e9l\u00e9phones sous la menace d\u2019un couteau, dans le m\u00e9tro et au Thabor\u00a0: deux"},"content":{"rendered":"<tr wp_automatic_readability=\"6.8923076923077\">\n<td valign=\"middle\" align=\"center\" class=\"col-logo\" wp_automatic_readability=\"5\">\n    <img decoding=\"async\" src=\"https:\/\/maville.com\/design\/images\/logo-of-monetise.svg?version=20130627\" alt=\"logo Ouest-France\" height=\"66\"\/><\/p>\n<p>Contenu r\u00e9serv\u00e9 aux abonn\u00e9s<\/p>\n<\/td>\n<td class=\"col-titre\">\n\t\t\tMercredi 17 d\u00e9cembre 2025 18:19<br \/>\n\t\t\t<a class=\"icon-bulle sizeL count\" href=\"#ancreAvis\"><br \/>\n\t&#8230;<br \/>\n<\/a><\/td>\n<\/tr>\n<p>\t\t<a class=\"mavillebox2 elmt-photo\" href=\"https:\/\/maville.com\/photosmvi\/2025\/12\/17\/P35645861D7114163G.jpg\" title=\" Deux mineurs sont soup\u00e7onn\u00e9s d\u2019avoir vol\u00e9 le t\u00e9l\u00e9phone de coll\u00e9giens et lyc\u00e9ens, sous la menace d\u2019un couteau, \u00e0 Rennes, et notamment dans le parc du Thabor.  \u00a9  DAVID ADEMAS \/ OUEST-FRANCE  \" rel=\"galerie_actu noopener\" target=\"_blank\"><br \/>\n\t<img decoding=\"async\" src=\"https:\/\/www.europesays.com\/fr\/wp-content\/uploads\/2025\/12\/P35645861D7114163G_crop_640-330_.jpg\" alt=\"photo  deux mineurs sont soup\u00e7onn\u00e9s d\u2019avoir vol\u00e9 le t\u00e9l\u00e9phone de coll\u00e9giens et lyc\u00e9ens, sous la menace d\u2019un couteau, \u00e0 rennes, et notamment dans le parc du thabor.  \u00a9  david ademas \/ ouest-france \"\/><br \/>\n\t1<br \/>\n<\/a><\/p>\n<p class=\"elmt-legende\"> Deux mineurs sont soup\u00e7onn\u00e9s d\u2019avoir vol\u00e9 le t\u00e9l\u00e9phone de coll\u00e9giens et lyc\u00e9ens, sous la menace d\u2019un couteau, \u00e0 Rennes, et notamment dans le parc du Thabor.  \u00a9  DAVID ADEMAS \/ OUEST-FRANCE  <\/p>\n<p>\t\tDeux fr\u00e8res de 15 et 16\u00a0ans ont \u00e9t\u00e9 interpell\u00e9s \u00e0 leur domicile, mardi 16\u00a0d\u00e9cembre 2025, \u00e0 Rennes. Ils sont soup\u00e7onn\u00e9s d\u2019avoir vol\u00e9 le t\u00e9l\u00e9phone de coll\u00e9giens et lyc\u00e9ens, sous la menace d\u2019un couteau.<\/p>\n<p><b>Cet article est r\u00e9serv\u00e9 aux abonn\u00e9s<\/b><\/p>\n<p>Pour un acc\u00e8s imm\u00e9diat, abonnez-vous<\/p>\n<p><b>1\u00e8re semaine offerte<\/b><\/p>\n<p>\t\t Julia TOUSSAINT. \u00a0\u00a0<br \/>\n\t\tOuest-France<\/p>\n<p>Retrouvez d&rsquo;autres actus sur la commune de :<\/p>\n<p>\t\t&#13;<\/p>\n","protected":false},"excerpt":{"rendered":"Contenu r\u00e9serv\u00e9 aux abonn\u00e9s Mercredi 17 d\u00e9cembre 2025 18:19 &#8230; 1 Deux mineurs sont soup\u00e7onn\u00e9s d\u2019avoir vol\u00e9 le&hellip;\n","protected":false},"author":2,"featured_media":605836,"comment_status":"","ping_status":"","sticky":false,"template":"","format":"standard","meta":{"footnotes":""},"categories":[2821],"tags":[1111,11,829,5264,1777,674,1011,27,9690,1147,4047,6636,12,3086,584,25,41862,3781,71738],"class_list":{"0":"post-605835","1":"post","2":"type-post","3":"status-publish","4":"format-standard","5":"has-post-thumbnail","7":"category-rennes","8":"tag-actu","9":"tag-actualites","10":"tag-bretagne","11":"tag-couteau","12":"tag-eu","13":"tag-europe","14":"tag-fr","15":"tag-france","16":"tag-interpelles","17":"tag-menace","18":"tag-metro","19":"tag-mineurs","20":"tag-news","21":"tag-redon","22":"tag-rennes","23":"tag-republique-francaise","24":"tag-telephones","25":"tag-thabor","26":"tag-volaient"},"share_on_mastodon":{"url":"https:\/\/pubeurope.com\/@fr\/115736433610628646","error":""},"_links":{"self":[{"href":"https:\/\/www.europesays.com\/fr\/wp-json\/wp\/v2\/posts\/605835","targetHints":{"allow":["GET"]}}],"collection":[{"href":"https:\/\/www.europesays.com\/fr\/wp-json\/wp\/v2\/posts"}],"about":[{"href":"https:\/\/www.europesays.com\/fr\/wp-json\/wp\/v2\/types\/post"}],"author":[{"embeddable":true,"href":"https:\/\/www.europesays.com\/fr\/wp-json\/wp\/v2\/users\/2"}],"replies":[{"embeddable":true,"href":"https:\/\/www.europesays.com\/fr\/wp-json\/wp\/v2\/comments?post=605835"}],"version-history":[{"count":0,"href":"https:\/\/www.europesays.com\/fr\/wp-json\/wp\/v2\/posts\/605835\/revisions"}],"wp:featuredmedia":[{"embeddable":true,"href":"https:\/\/www.europesays.com\/fr\/wp-json\/wp\/v2\/media\/605836"}],"wp:attachment":[{"href":"https:\/\/www.europesays.com\/fr\/wp-json\/wp\/v2\/media?parent=605835"}],"wp:term":[{"taxonomy":"category","embeddable":true,"href":"https:\/\/www.europesays.com\/fr\/wp-json\/wp\/v2\/categories?post=605835"},{"taxonomy":"post_tag","embeddable":true,"href":"https:\/\/www.europesays.com\/fr\/wp-json\/wp\/v2\/tags?post=605835"}],"curies":[{"name":"wp","href":"https:\/\/api.w.org\/{rel}","templated":true}]}}