{"id":605839,"date":"2025-12-17T18:57:19","date_gmt":"2025-12-17T18:57:19","guid":{"rendered":"https:\/\/www.europesays.com\/fr\/605839\/"},"modified":"2025-12-17T18:57:19","modified_gmt":"2025-12-17T18:57:19","slug":"ligue-conference-avant-racing-club-de-strasbourg-breidablik-loeil-de-kevin-gameiro","status":"publish","type":"post","link":"https:\/\/www.europesays.com\/fr\/605839\/","title":{"rendered":"Ligue Conf\u00e9rence. Avant Racing Club de Strasbourg &#8211;\u00a0Breidablik : l\u2019\u0153il\u00a0 de K\u00e9vin Gameiro"},"content":{"rendered":"<p>L\u2019ancien attaquant du Racing, quadruple vainqueur de la Ligue Europa, livre son regard sur le retour de son club formateur sur la sc\u00e8ne europ\u00e9enne.<\/p>\n<p>Pr\u00e9sent ce jeudi \u00e0 la Meinau pour assister au dernier match de phase de ligue de cette C4, K\u00e9vin Gameiro esp\u00e8re une victoire contre Breidablik \u00ab\u200apour f\u00eater la qualification\u200a\u00bb en huiti\u00e8mes de finale.<\/p>\n<p>  \u00ab\u200aAttention \u00e0 la suffisance\u200a\u00bb<\/p>\n<p>\u00ab\u200aCette premi\u00e8re phase est satisfaisante. Les Strasbourgeois se sont mis \u00e0 l\u2019abri tranquillement avant ce dernier match \u00e0 jouer \u00e0 la Meinau devant leur public. Il faut juste qu\u2019ils ne se rel\u00e2chent pas. Le risque, c\u2019est la nonchalance, voire la suffisance. Il faut faire attention \u00e0 cela.<\/p>\n<p>De toute fa\u00e7on, on sent qu\u2019avec cet entra\u00eeneur, il ne faut pas avoir de rel\u00e2chement. On l\u2019a compris dans son discours (apr\u00e8s Lorient, ndlr). C\u2019est toujours dommage de laisser filer des points \u00e0 domicile, mais \u00e7a fait aussi partie de leur apprentissage d\u2019affronter des \u00e9quipes qui les attendent et qui peuvent leur tenir t\u00eate. Le plus difficile, c\u2019est de devoir faire le jeu, mais ils ont la qualit\u00e9 pour \u00e7a.<\/p>\n<p>En tout cas, ils ont montr\u00e9 qu\u2019ils prennent cette comp\u00e9tition europ\u00e9enne avec beaucoup de s\u00e9rieux. Ils ont raison d\u2019y croire parce qu\u2019ils font partie des \u00e9quipes qui ont les armes pour aller au bout.\u200a\u00bb<\/p>\n","protected":false},"excerpt":{"rendered":"L\u2019ancien attaquant du Racing, quadruple vainqueur de la Ligue Europa, livre son regard sur le retour de son&hellip;\n","protected":false},"author":2,"featured_media":605840,"comment_status":"","ping_status":"","sticky":false,"template":"","format":"standard","meta":{"footnotes":""},"categories":[2820],"tags":[1111,11,2389,2649,2880,1777,674,107,63,1011,27,775,43670,12,41281,25,517,640],"class_list":{"0":"post-605839","1":"post","2":"type-post","3":"status-publish","4":"format-standard","5":"has-post-thumbnail","7":"category-strasbourg","8":"tag-actu","9":"tag-actualites","10":"tag-alsace","11":"tag-bas-rhin","12":"tag-edition-strasbourg","13":"tag-eu","14":"tag-europe","15":"tag-fil-info","16":"tag-football","17":"tag-fr","18":"tag-france","19":"tag-grand-est","20":"tag-ligue-conference","21":"tag-news","22":"tag-racing-club-strasbourg-masculin","23":"tag-republique-francaise","24":"tag-sport","25":"tag-strasbourg"},"share_on_mastodon":{"url":"https:\/\/pubeurope.com\/@fr\/115736441399033186","error":""},"_links":{"self":[{"href":"https:\/\/www.europesays.com\/fr\/wp-json\/wp\/v2\/posts\/605839","targetHints":{"allow":["GET"]}}],"collection":[{"href":"https:\/\/www.europesays.com\/fr\/wp-json\/wp\/v2\/posts"}],"about":[{"href":"https:\/\/www.europesays.com\/fr\/wp-json\/wp\/v2\/types\/post"}],"author":[{"embeddable":true,"href":"https:\/\/www.europesays.com\/fr\/wp-json\/wp\/v2\/users\/2"}],"replies":[{"embeddable":true,"href":"https:\/\/www.europesays.com\/fr\/wp-json\/wp\/v2\/comments?post=605839"}],"version-history":[{"count":0,"href":"https:\/\/www.europesays.com\/fr\/wp-json\/wp\/v2\/posts\/605839\/revisions"}],"wp:featuredmedia":[{"embeddable":true,"href":"https:\/\/www.europesays.com\/fr\/wp-json\/wp\/v2\/media\/605840"}],"wp:attachment":[{"href":"https:\/\/www.europesays.com\/fr\/wp-json\/wp\/v2\/media?parent=605839"}],"wp:term":[{"taxonomy":"category","embeddable":true,"href":"https:\/\/www.europesays.com\/fr\/wp-json\/wp\/v2\/categories?post=605839"},{"taxonomy":"post_tag","embeddable":true,"href":"https:\/\/www.europesays.com\/fr\/wp-json\/wp\/v2\/tags?post=605839"}],"curies":[{"name":"wp","href":"https:\/\/api.w.org\/{rel}","templated":true}]}}