{"id":60584,"date":"2025-04-29T00:58:15","date_gmt":"2025-04-29T00:58:15","guid":{"rendered":"https:\/\/www.europesays.com\/fr\/60584\/"},"modified":"2025-04-29T00:58:15","modified_gmt":"2025-04-29T00:58:15","slug":"allemagne-friedrich-merz-annonce-les-postes-ministeriels-de-la-nouvelle-coalition","status":"publish","type":"post","link":"https:\/\/www.europesays.com\/fr\/60584\/","title":{"rendered":"Allemagne : Friedrich Merz annonce les postes minist\u00e9riels de la nouvelle coalition"},"content":{"rendered":"<p><img decoding=\"async\" class=\"c-ad__placeholder__logo\" src=\"https:\/\/www.europesays.com\/fr\/wp-content\/uploads\/2025\/03\/logo-euronews-grey-6-180x22.svg.svg+xml\" width=\"180\" height=\"22\" alt=\"\" loading=\"lazy\"\/>PUBLICIT\u00c9<\/p>\n<p>Apr\u00e8s que son parti a approuv\u00e9 un accord de coalition avec les sociaux-d\u00e9mocrates du SPD, le chef de la CDU Friedrich Merz a annonc\u00e9 officiellement les postes minist\u00e9riels qui seront occup\u00e9s par des membres de son parti :<\/p>\n<p><strong>Thorsten Frei, chef de la Chancellerie f\u00e9d\u00e9rale.<\/strong><\/p>\n<p><img decoding=\"async\" src=\"https:\/\/www.europesays.com\/fr\/wp-content\/uploads\/2025\/03\/icon-cross-10x10-grey-6.svg.svg+xml\" width=\"10\" height=\"10\" alt=\"Close advertising\" fetchpriority=\"high\" loading=\"lazy\"\/><\/p>\n<p>Thorsten Frei est le premier directeur parlementaire de la CDU. Cet homme de 51 ans, originaire de la circonscription \u00e9lectorale de Schwarzwald-Baar et Oberes Kinzigtal dans le Bade-Wurtemberg, est consid\u00e9r\u00e9 comme un proche de Friedrich Merz et a d\u00e9fendu avec v\u00e9h\u00e9mence la politique de ce dernier dans le pass\u00e9.<\/p>\n<p><strong>Dr. Johann Wadephul, ministre f\u00e9d\u00e9ral des Affaires \u00e9trang\u00e8res<\/strong><\/p>\n<p>Cet homme politique de 62 ans a \u00e9t\u00e9 \u00e9voqu\u00e9 depuis longtemps comme possible ministre des Affaires \u00e9trang\u00e8res. Vice-pr\u00e9sident du groupe parlementaire, Johann Wadephul est originaire du Schleswig-Holstein et sera le premier homme politique de la CDU \u00e0 occuper ce poste depuis 60 ans.<\/p>\n<p><strong>Katherina Reiche, ministre f\u00e9d\u00e9rale de l&rsquo;\u00c9conomie et de l&rsquo;\u00c9nergie<\/strong><\/p>\n<p>Katherina Reiche, 51 ans, est actuellement \u00e0 la t\u00eate de Westenenergie, une filiale d&rsquo;E.ON, et vient donc du monde de l&rsquo;\u00e9conomie. Pour elle, c&rsquo;est un retour \u00e0 la politique : de 1998 \u00e0 2015, elle \u00e9tait d\u00e9put\u00e9e du Brandebourg.<\/p>\n<p><strong>Patrick Schnieder, ministre f\u00e9d\u00e9ral des Transports<\/strong><\/p>\n<p>Patrick Schnieder est d\u00e9put\u00e9 du Bundestag depuis 2009 et l&rsquo;un des trois directeurs du groupe parlementaire de la CDU, apr\u00e8s Thorsten Frei. \u00c2g\u00e9 de 56 ans et originaire de Bitburg en Rh\u00e9nanie-Palatinat, il est consid\u00e9r\u00e9 comme un expert des transports.<\/p>\n<p><strong>Karin Prien, ministre f\u00e9d\u00e9rale de l&rsquo;\u00c9ducation, de la Famille, des Personnes \u00e2g\u00e9es, des Femmes et de la Jeunesse<\/strong><\/p>\n<p>Karin Prien est ministre de l&rsquo;\u00c9ducation dans le Schleswig-Holstein depuis 2017, elle apportera donc son exp\u00e9rience \u00e0 son nouveau poste. En tant que vice-pr\u00e9sidente de la CDU, cette femme de 59 ans a \u00e9t\u00e9 directement impliqu\u00e9e dans les n\u00e9gociations de coalition. Au sein de la CDU f\u00e9d\u00e9rale, elle dirige le comit\u00e9 sp\u00e9cialis\u00e9 dans l&rsquo;\u00c9ducation, la Recherche et l&rsquo;Innovation et est porte-parole du Forum juif de la CDU.<\/p>\n<p><strong>Dr. Karsten Wildberger, ministre f\u00e9d\u00e9ral de la Num\u00e9risation et de la Modernisation de l&rsquo;\u00c9tat<\/strong><\/p>\n<p>Cette nomination est une relative surprise. Originaire de la Hesse, Karsten Wildberger est pr\u00e9sident du conseil d&rsquo;administration de Ceconomy AG et du groupe MediaMarktSaturn, dont il d\u00e9missionnera pour entrer au gouvernement.<\/p>\n<p><strong>Nina Warken, ministre f\u00e9d\u00e9rale de la Sant\u00e9<\/strong><\/p>\n<p>La d\u00e9put\u00e9e f\u00e9d\u00e9rale du Bade-Wurtemberg est, comme Patrick Schnieder, directrice parlementaire. Cette femme de 45 ans est une politicienne de l&rsquo;int\u00e9rieur, elle n&rsquo;est pas encore apparue sur le th\u00e8me de la politique de sant\u00e9. Sa nomination est \u00e9galement une surprise.<\/p>\n<p><img decoding=\"async\" class=\"c-ad__placeholder__logo\" src=\"https:\/\/www.europesays.com\/fr\/wp-content\/uploads\/2025\/03\/logo-euronews-grey-6-180x22.svg.svg+xml\" width=\"180\" height=\"22\" alt=\"\" loading=\"lazy\"\/>PUBLICIT\u00c9La CSU obtient trois postes minist\u00e9riels<\/p>\n<p>La CSU &#8211; le parti fr\u00e8re de la CDU en Bavi\u00e8re &#8211; occupera trois postes minist\u00e9riels :<\/p>\n<p><strong>Alexander Dobrindt, ministre f\u00e9d\u00e9ral de l&rsquo;Int\u00e9rieur et des Sports.<\/strong><\/p>\n<p>Alexander Dobrindt est un poids lourd politique de la CSU : ancien secr\u00e9taire g\u00e9n\u00e9ral, ancien ministre des Transports et actuellement chef de groupe r\u00e9gional du parti au Bundestag. Il dirigera d\u00e9sormais l&rsquo;important minist\u00e8re de l&rsquo;Int\u00e9rieur. Lors des n\u00e9gociations de coalition, il avait jou\u00e9 un r\u00f4le d\u00e9cisif pour la CSU avec Markus S\u00f6der. L&rsquo;homme de 54 ans \u00e9tait consid\u00e9r\u00e9 d\u00e8s le d\u00e9part comme une valeur s\u00fbre.<\/p>\n<p><strong>Dorothee B\u00e4r, ministre de la Recherche, de la Technologie et de l&rsquo;Espace<\/strong><\/p>\n<p><img decoding=\"async\" class=\"c-ad__placeholder__logo\" src=\"https:\/\/www.europesays.com\/fr\/wp-content\/uploads\/2025\/03\/logo-euronews-grey-6-180x22.svg.svg+xml\" width=\"180\" height=\"22\" alt=\"\" loading=\"lazy\"\/>PUBLICIT\u00c9<\/p>\n<p>Ce minist\u00e8re nouvellement cr\u00e9\u00e9 devrait \u00eatre dirig\u00e9 par cette femme de 47 ans originaire de Bamberg. Auparavant, elle \u00e9tait d\u00e9l\u00e9gu\u00e9e du gouvernement f\u00e9d\u00e9ral pour la num\u00e9risation.<\/p>\n<p><strong>Alois Rainer, ministre de l&rsquo;Alimentation, de l&rsquo;Agriculture et de la Patrie<\/strong><\/p>\n<p>Alois Rainer est la surprise bavaroise du futur cabinet. Ce boucher de formation, \u00e2g\u00e9 de 60 ans, si\u00e8ge au Bundestag depuis 2013 o\u00f9 il pr\u00e9side la commission des Finances.<\/p>\n<p><strong>\u00c9lection du chancelier probablement le 6 mai<\/strong><\/p>\n<p>Mais avant que le nouveau cabinet puisse se mettre au travail, la CDU, la CSU et le SPD doivent approuver le contrat de coalition, ce qui ne devrait \u00eatre qu&rsquo;une formalit\u00e9. <\/p>\n<p><img decoding=\"async\" class=\"c-ad__placeholder__logo\" src=\"https:\/\/www.europesays.com\/fr\/wp-content\/uploads\/2025\/03\/logo-euronews-grey-6-180x22.svg.svg+xml\" width=\"180\" height=\"22\" alt=\"\" loading=\"lazy\"\/>PUBLICIT\u00c9<\/p>\n<p>Ensuite, <strong>Friedrich Merz devra \u00eatre \u00e9lu nouveau chancelier la semaine prochaine au Bundestag<\/strong>. <\/p>\n<p>L&rsquo;\u00e9lection est pr\u00e9vue pour le 6 mai. Ce n&rsquo;est qu&rsquo;\u00e0 ce moment-l\u00e0 que les nouveaux ministres pourront \u00eatre asserment\u00e9s par le pr\u00e9sident f\u00e9d\u00e9ral Frank-Walter Steinmeier.<\/p>\n","protected":false},"excerpt":{"rendered":"PUBLICIT\u00c9 Apr\u00e8s que son parti a approuv\u00e9 un accord de coalition avec les sociaux-d\u00e9mocrates du SPD, le chef&hellip;\n","protected":false},"author":2,"featured_media":60585,"comment_status":"","ping_status":"","sticky":false,"template":"","format":"standard","meta":{"footnotes":""},"categories":[1587],"tags":[11,672,1804,15769,1805,1803,1777,674,1801,12,15768,1802,15770],"class_list":{"0":"post-60584","1":"post","2":"type-post","3":"status-publish","4":"format-standard","5":"has-post-thumbnail","7":"category-allemagne","8":"tag-actualites","9":"tag-allemagne","10":"tag-bundesrepublik-deutschland","11":"tag-cdu-csu","12":"tag-de","13":"tag-deutschland","14":"tag-eu","15":"tag-europe","16":"tag-germany","17":"tag-news","18":"tag-polique-allemande","19":"tag-republique-federale-dallemagne","20":"tag-spd"},"share_on_mastodon":{"url":"https:\/\/pubeurope.com\/@fr\/114418542466475606","error":""},"_links":{"self":[{"href":"https:\/\/www.europesays.com\/fr\/wp-json\/wp\/v2\/posts\/60584","targetHints":{"allow":["GET"]}}],"collection":[{"href":"https:\/\/www.europesays.com\/fr\/wp-json\/wp\/v2\/posts"}],"about":[{"href":"https:\/\/www.europesays.com\/fr\/wp-json\/wp\/v2\/types\/post"}],"author":[{"embeddable":true,"href":"https:\/\/www.europesays.com\/fr\/wp-json\/wp\/v2\/users\/2"}],"replies":[{"embeddable":true,"href":"https:\/\/www.europesays.com\/fr\/wp-json\/wp\/v2\/comments?post=60584"}],"version-history":[{"count":0,"href":"https:\/\/www.europesays.com\/fr\/wp-json\/wp\/v2\/posts\/60584\/revisions"}],"wp:featuredmedia":[{"embeddable":true,"href":"https:\/\/www.europesays.com\/fr\/wp-json\/wp\/v2\/media\/60585"}],"wp:attachment":[{"href":"https:\/\/www.europesays.com\/fr\/wp-json\/wp\/v2\/media?parent=60584"}],"wp:term":[{"taxonomy":"category","embeddable":true,"href":"https:\/\/www.europesays.com\/fr\/wp-json\/wp\/v2\/categories?post=60584"},{"taxonomy":"post_tag","embeddable":true,"href":"https:\/\/www.europesays.com\/fr\/wp-json\/wp\/v2\/tags?post=60584"}],"curies":[{"name":"wp","href":"https:\/\/api.w.org\/{rel}","templated":true}]}}