{"id":605845,"date":"2025-12-17T19:00:26","date_gmt":"2025-12-17T19:00:26","guid":{"rendered":"https:\/\/www.europesays.com\/fr\/605845\/"},"modified":"2025-12-17T19:00:26","modified_gmt":"2025-12-17T19:00:26","slug":"ce-magasin-de-tissus-ferme-definitivement-pres-de-nantes","status":"publish","type":"post","link":"https:\/\/www.europesays.com\/fr\/605845\/","title":{"rendered":"Ce magasin de tissus ferme d\u00e9finitivement pr\u00e8s de Nantes"},"content":{"rendered":"<p>\u00a0Une page se tourne\u2026 Votre magasin a d\u00e9finitivement ferm\u00e9 ses portes le 12\u00a0d\u00e9cembre. Nous vous remercions et avons \u00e9t\u00e9 heureux de vous accompagner dans votre passion de la couture toutes ces ann\u00e9es\u00a0! Nous vous souhaitons \u00e0 tous de beaux projets couture \u00e0 venir.\u00a0 \u00c0 Vertou, l\u2019\u00e9quipe de  <a href=\"https:\/\/selftissus.fr\/\" target=\"_self\" rel=\"noopener\">Self tissus<\/a>  annonce, avec regret sur sa page Facebook, la fermeture d\u00e9finitive de ce magasin. Fin novembre, les clientes avaient trouv\u00e9 portes closes. Le magasin avait rouvert ensuite pour une tr\u00e8s courte p\u00e9riode.. L\u2019enseigne \u00e9tait install\u00e9e pr\u00e8s de Nantes en f\u00e9vrier\u00a02021.<\/p>\n<p>Redressement judiciaire<\/p>\n<p>Ce magasin de tissus sp\u00e9cialis\u00e9 dans la mode, le tissu, la mercerie, s\u2019est donc retrouv\u00e9 en difficult\u00e9. L\u2019enseignement rennaise, qui compte une vingtaine de points de vente, \u00e9tait en redressement judiciaire. D\u2019autres magasins ferment aussi \u00e0 Rennes (35), Lannion (22), Langueux (22), \u2026<\/p>\n<p>\u00a0Dommage, ce n\u2019est pas possible\u2026.Encore du personnel au ch\u00f4mage\u00a0\u00bb, commente Patricia, une internaute, de Loire-Atlantique.<\/p>\n<p>\u00a0<\/p>\n","protected":false},"excerpt":{"rendered":"\u00a0Une page se tourne\u2026 Votre magasin a d\u00e9finitivement ferm\u00e9 ses portes le 12\u00a0d\u00e9cembre. Nous vous remercions et avons&hellip;\n","protected":false},"author":2,"featured_media":605846,"comment_status":"","ping_status":"","sticky":false,"template":"","format":"standard","meta":{"footnotes":""},"categories":[2818],"tags":[1111,11,22670,1777,674,9095,1011,27,18358,766,12,2636,3762,25,46598],"class_list":{"0":"post-605845","1":"post","2":"type-post","3":"status-publish","4":"format-standard","5":"has-post-thumbnail","7":"category-nantes","8":"tag-actu","9":"tag-actualites","10":"tag-definitivement","11":"tag-eu","12":"tag-europe","13":"tag-ferme","14":"tag-fr","15":"tag-france","16":"tag-magasin","17":"tag-nantes","18":"tag-news","19":"tag-pays-de-la-loire","20":"tag-pres","21":"tag-republique-francaise","22":"tag-tissus"},"share_on_mastodon":{"url":"https:\/\/pubeurope.com\/@fr\/115736453020855480","error":""},"_links":{"self":[{"href":"https:\/\/www.europesays.com\/fr\/wp-json\/wp\/v2\/posts\/605845","targetHints":{"allow":["GET"]}}],"collection":[{"href":"https:\/\/www.europesays.com\/fr\/wp-json\/wp\/v2\/posts"}],"about":[{"href":"https:\/\/www.europesays.com\/fr\/wp-json\/wp\/v2\/types\/post"}],"author":[{"embeddable":true,"href":"https:\/\/www.europesays.com\/fr\/wp-json\/wp\/v2\/users\/2"}],"replies":[{"embeddable":true,"href":"https:\/\/www.europesays.com\/fr\/wp-json\/wp\/v2\/comments?post=605845"}],"version-history":[{"count":0,"href":"https:\/\/www.europesays.com\/fr\/wp-json\/wp\/v2\/posts\/605845\/revisions"}],"wp:featuredmedia":[{"embeddable":true,"href":"https:\/\/www.europesays.com\/fr\/wp-json\/wp\/v2\/media\/605846"}],"wp:attachment":[{"href":"https:\/\/www.europesays.com\/fr\/wp-json\/wp\/v2\/media?parent=605845"}],"wp:term":[{"taxonomy":"category","embeddable":true,"href":"https:\/\/www.europesays.com\/fr\/wp-json\/wp\/v2\/categories?post=605845"},{"taxonomy":"post_tag","embeddable":true,"href":"https:\/\/www.europesays.com\/fr\/wp-json\/wp\/v2\/tags?post=605845"}],"curies":[{"name":"wp","href":"https:\/\/api.w.org\/{rel}","templated":true}]}}