{"id":605847,"date":"2025-12-17T19:02:25","date_gmt":"2025-12-17T19:02:25","guid":{"rendered":"https:\/\/www.europesays.com\/fr\/605847\/"},"modified":"2025-12-17T19:02:25","modified_gmt":"2025-12-17T19:02:25","slug":"nantes-previsions-meteo-du-mercredi-17-decembre-2025","status":"publish","type":"post","link":"https:\/\/www.europesays.com\/fr\/605847\/","title":{"rendered":"Nantes : pr\u00e9visions m\u00e9t\u00e9o du mercredi 17 d\u00e9cembre 2025"},"content":{"rendered":"<p>\u00c0 Nantes, la journ\u00e9e sera domin\u00e9e par un ciel tr\u00e8s nuageux et une humidit\u00e9 \u00e9lev\u00e9e, avec des temp\u00e9ratures fra\u00eeches entre 4 \u00b0C le matin et 10 \u00b0C l\u2019apr\u00e8s-midi. Un vent mod\u00e9r\u00e9 de sud accompagnera ces conditions stables mais grises.<\/p>\n<p>\n    Ce mercredi 17 d\u00e9cembre 2025, Nantes se r\u00e9veille sous une chape nuageuse hivernale. Malgr\u00e9 l\u2019absence de pluie, l\u2019humidit\u00e9 domine et la fra\u00eecheur se fait sentir. Voici votre bulletin complet, ax\u00e9 sur la pr\u00e9vention et les cons\u00e9quences locales.\n<\/p>\n<p>Matin : lever du soleil \u00e0 08 h 47<\/p>\n<p>\n    \u00c0 09 h, le thermom\u00e8tre indique d\u00e9j\u00e0 <b>4 \u00b0C<\/b> avec un ressenti de <b>2 \u00b0C<\/b>. L\u2019humidit\u00e9 atteint 98 %, renfor\u00e7ant la sensation de froid malgr\u00e9 l\u2019absence de vent notable.\n<\/p>\n<p>\n    Il est recommand\u00e9 de superposer les couches lors des trajets domicile-travail, en particulier pour les cyclistes nombreux sur les quais de Loire.\n<\/p>\n<ul>\n<li><b>Pression<\/b> : 1 022 hPa, signe d\u2019une atmosph\u00e8re stable.<\/li>\n<li>Aucun risque de pr\u00e9cipitation significatif ce matin.<\/li>\n<\/ul>\n<p>Apr\u00e8s-midi<\/p>\n<p>\n    En d\u00e9but d\u2019apr\u00e8s-midi, le mercure grimpe \u00e0 <b>10 \u00b0C<\/b> pour un ressenti de <b>8 \u00b0C<\/b>, sous un ciel toujours tr\u00e8s nuageux.\n<\/p>\n<p>\n    L\u2019humidit\u00e9 reste \u00e9lev\u00e9e \u00e0 88 %, mais la pluie demeure quasi absente (probabilit\u00e9 13 %). Un vent de secteur sud souffle \u00e0 13 km\/h, insuffisant pour dissiper la grisaille.\n<\/p>\n<p>\n    Les commerces du centre peuvent maintenir leurs stands ext\u00e9rieurs ; il est toutefois conseill\u00e9 de pr\u00e9voir une toile imperm\u00e9able en cas de fine bruine.\n<\/p>\n<p>Soir : coucher du soleil \u00e0 17 h 17<\/p>\n<p>\n    Le soleil se couche \u00e0 17 h 17, laissant place \u00e0 une nuit pr\u00e9coce et toujours couverte.\n<\/p>\n<p>\n    \u00c0 21 h, la temp\u00e9rature reste stable \u00e0 <b>10 \u00b0C<\/b>, mais le ressenti descend \u00e0 <b>7 \u00b0C<\/b> sous 95 % d\u2019humidit\u00e9.\n<\/p>\n<p>\n    Le vent de sud se renforce \u00e0 15 km\/h et pourrait pousser quelques gouttes (risque 23 %). Les automobilistes doivent anticiper un pare-brise rapidement embu\u00e9.\n<\/p>\n<ul>\n<li>Visibilit\u00e9 mod\u00e9r\u00e9e dans la brume urbaine.<\/li>\n<li>Pensez \u00e0 a\u00e9rer les habitations pour limiter la condensation.<\/li>\n<\/ul>\n<p>Tendance g\u00e9n\u00e9rale pour demain<\/p>\n<p>\n    Demain jeudi, la douceur progresse avec une plage de <b>10 \u00b0C \u00e0 14 \u00b0C<\/b> et un ressenti maximal de 10 \u00b0C.\n<\/p>\n<p>\n    La pluie, faible mais r\u00e9guli\u00e8re, pourrait laisser environ 8 mm sur l\u2019ensemble de la journ\u00e9e ; parapluie conseill\u00e9 pour les trajets pi\u00e9tons.\n<\/p>\n<p>\n    Le vent de sud se renforce : 33 km\/h en moyenne, <b>rafales atteignant 60 km\/h<\/b> susceptibles de casser quelques branches fragiles et de compliquer les man\u0153uvres des deux-roues.\n<\/p>\n<p>\n    Il conviendra de surveiller les axes expos\u00e9s aux flaques, notamment le p\u00e9riph\u00e9rique nantais, o\u00f9 l\u2019aquaplaning n\u2019est pas exclu.\n<\/p>\n<p>\n    Les climatologues Copernicus rappellent que ces \u00e9pisodes doux et humides en d\u00e9cembre deviennent plus fr\u00e9quents ; la vigilance s\u2019impose pour adapter nos infrastructures \u00e0 ces anomalies.\n<\/p>\n<p>\n    Pour le d\u00e9tail heure par heure, consultez <a href=\"https:\/\/www.meteocity.com\/france\/nantes-v2990969\/meteo-demain\" target=\"_blank\" rel=\"noopener\">notre page m\u00e9t\u00e9o de demain<\/a>.<\/p>\n","protected":false},"excerpt":{"rendered":"\u00c0 Nantes, la journ\u00e9e sera domin\u00e9e par un ciel tr\u00e8s nuageux et une humidit\u00e9 \u00e9lev\u00e9e, avec des temp\u00e9ratures&hellip;\n","protected":false},"author":2,"featured_media":605848,"comment_status":"","ping_status":"","sticky":false,"template":"","format":"standard","meta":{"footnotes":""},"categories":[2818],"tags":[1111,11,1777,674,1011,27,766,12,2636,25],"class_list":{"0":"post-605847","1":"post","2":"type-post","3":"status-publish","4":"format-standard","5":"has-post-thumbnail","7":"category-nantes","8":"tag-actu","9":"tag-actualites","10":"tag-eu","11":"tag-europe","12":"tag-fr","13":"tag-france","14":"tag-nantes","15":"tag-news","16":"tag-pays-de-la-loire","17":"tag-republique-francaise"},"share_on_mastodon":{"url":"https:\/\/pubeurope.com\/@fr\/115736460958947678","error":""},"_links":{"self":[{"href":"https:\/\/www.europesays.com\/fr\/wp-json\/wp\/v2\/posts\/605847","targetHints":{"allow":["GET"]}}],"collection":[{"href":"https:\/\/www.europesays.com\/fr\/wp-json\/wp\/v2\/posts"}],"about":[{"href":"https:\/\/www.europesays.com\/fr\/wp-json\/wp\/v2\/types\/post"}],"author":[{"embeddable":true,"href":"https:\/\/www.europesays.com\/fr\/wp-json\/wp\/v2\/users\/2"}],"replies":[{"embeddable":true,"href":"https:\/\/www.europesays.com\/fr\/wp-json\/wp\/v2\/comments?post=605847"}],"version-history":[{"count":0,"href":"https:\/\/www.europesays.com\/fr\/wp-json\/wp\/v2\/posts\/605847\/revisions"}],"wp:featuredmedia":[{"embeddable":true,"href":"https:\/\/www.europesays.com\/fr\/wp-json\/wp\/v2\/media\/605848"}],"wp:attachment":[{"href":"https:\/\/www.europesays.com\/fr\/wp-json\/wp\/v2\/media?parent=605847"}],"wp:term":[{"taxonomy":"category","embeddable":true,"href":"https:\/\/www.europesays.com\/fr\/wp-json\/wp\/v2\/categories?post=605847"},{"taxonomy":"post_tag","embeddable":true,"href":"https:\/\/www.europesays.com\/fr\/wp-json\/wp\/v2\/tags?post=605847"}],"curies":[{"name":"wp","href":"https:\/\/api.w.org\/{rel}","templated":true}]}}