{"id":605851,"date":"2025-12-17T19:04:22","date_gmt":"2025-12-17T19:04:22","guid":{"rendered":"https:\/\/www.europesays.com\/fr\/605851\/"},"modified":"2025-12-17T19:04:22","modified_gmt":"2025-12-17T19:04:22","slug":"platini-etait-tres-pale-non-quand-les-girondins-de-bordeaux","status":"publish","type":"post","link":"https:\/\/www.europesays.com\/fr\/605851\/","title":{"rendered":"\u00ab\u00a0Platini \u00e9tait tr\u00e8s p\u00e2le, non\u00a0?\u00a0\u00bb\u00a0: quand les Girondins de Bordeaux"},"content":{"rendered":"<p>        <img decoding=\"async\" id=\"27120119\" src=\"https:\/\/www.europesays.com\/fr\/wp-content\/uploads\/2025\/12\/general-20251215212022-13771-1600.jpg\" alt=\"Une grande partie de l\u2019\u00e9quipe des Girondins de la saison 1984-1985 \u00e9tait pr\u00e9sente aux Oscars Sud Ouest du sport lundi 15\u00a0d\u00e9cembre \u00e0 Bordeaux.\" itemprop=\"contentURL\"\/><\/p>\n<p>    Une grande partie de l\u2019\u00e9quipe des Girondins de la saison 1984-1985 \u00e9tait pr\u00e9sente aux Oscars Sud Ouest du sport lundi 15\u00a0d\u00e9cembre \u00e0 Bordeaux.<\/p>\n<p>Claude Petit \/ SUD OUEST<\/p>\n<p>De la feuille de match du fameux match &#8211; seulement 13 joueurs \u00e0 l\u2019\u00e9poque &#8211; il a \u00e9largi les \u00ab\u00a0convocations\u00a0\u00bb au groupe de la saison. Dans un tableau Excel, il a m\u00e9ticuleusement not\u00e9 les coordonn\u00e9es, les rappels \u00e0 effectuer et les r\u00e9ponses. Mais pas besoin de leur dire deux fois\u00a0: tous ont r\u00e9pondu pr\u00e9sent spontan\u00e9ment, des quatre coins de France&#8230;<\/p>\n<p>        <img decoding=\"async\" id=\"27120119\" src=\"https:\/\/www.europesays.com\/fr\/wp-content\/uploads\/2025\/12\/general-20251215212022-13771-1600.jpg\" alt=\"Une grande partie de l\u2019\u00e9quipe des Girondins de la saison 1984-1985 \u00e9tait pr\u00e9sente aux Oscars Sud Ouest du sport lundi 15\u00a0d\u00e9cembre \u00e0 Bordeaux.\" itemprop=\"contentURL\"\/><\/p>\n<p>    Une grande partie de l\u2019\u00e9quipe des Girondins de la saison 1984-1985 \u00e9tait pr\u00e9sente aux Oscars Sud Ouest du sport lundi 15\u00a0d\u00e9cembre \u00e0 Bordeaux.<\/p>\n<p>Claude Petit \/ SUD OUEST<\/p>\n<p>De la feuille de match du fameux match &#8211; seulement 13 joueurs \u00e0 l\u2019\u00e9poque &#8211; il a \u00e9largi les \u00ab\u00a0convocations\u00a0\u00bb au groupe de la saison. Dans un tableau Excel, il a m\u00e9ticuleusement not\u00e9 les coordonn\u00e9es, les rappels \u00e0 effectuer et les r\u00e9ponses. Mais pas besoin de leur dire deux fois\u00a0: tous ont r\u00e9pondu pr\u00e9sent spontan\u00e9ment, des quatre coins de France &#8211; Specht de Strasbourg, Tigana de Cassis, Girard de la r\u00e9gion n\u00eemoise, Audrain d\u2019Angers, etc &#8211; et m\u00eame d\u2019Allemagne pour Dieter Muller. Auteur du premier but, l\u2019attaquant a finalement d\u00fb renoncer pour raisons de sant\u00e9 mais a pris soin de laisser un message vid\u00e9o de soutien, comme Aim\u00e9 Jacquet le coach ou le d\u00e9fenseur Gernot Rohr, retenu au Maroc par un stage de pr\u00e9paration \u00e0 la Coupe d\u2019Afrique des Nations avec sa s\u00e9lection du B\u00e9nin.<\/p>\n<blockquote><p>\u00ab\u00a0Vous imaginez organiser ces retrouvailles sans inviter Marius\u00a0?\u00a0\u00bb (Giresse)<\/p><\/blockquote>\n<p>Marius Tr\u00e9sor est l\u00e0 aussi, \u00e9mu par l\u2019invitation alors qu\u2019une blessure au dos l\u2019avait contraint \u00e0 arr\u00eater sa carri\u00e8re au d\u00e9but de l\u2019ann\u00e9e 1984. Mais Giresse avait vite r\u00e9gl\u00e9 le (non) d\u00e9bat\u00a0: \u00ab\u00a0Vous imaginez organiser ces retrouvailles sans inviter Marius\u00a0?\u00a0\u00bb Franchement, non. Le Montois Bernard Gimenez s\u2019excuse par texto, forfait \u00e0 cause des barrages des agriculteurs en col\u00e8re et on imagine que \u00e7a lui co\u00fbte.<\/p>\n<p>        <img decoding=\"async\" id=\"27135541\" src=\"https:\/\/www.europesays.com\/fr\/wp-content\/uploads\/2025\/12\/lacombejuventus.jpg\" alt=\"Bernard Lacombe, l\u2019un des joueurs bordelais de l\u2019\u00e9poque qui sont d\u00e9c\u00e9d\u00e9s.\" itemprop=\"contentURL\"\/><\/p>\n<p>    Bernard Lacombe, l\u2019un des joueurs bordelais de l\u2019\u00e9poque qui sont d\u00e9c\u00e9d\u00e9s.<\/p>\n<p>Archives Sud Ouest<\/p>\n<p>    L\u2019hommage aux disparus<br \/>\nCe sont trois noms, trois amis qu\u2019ils n\u2019oublieront jamais. les Girondins de Bordeaux 1985 ont perdu trois des leurs\u00a0: le gardien Dominique Dropsy (7\u00a0octobre 2015), le milieu portugais Fernando Chalana (10\u00a0ao\u00fbt 2022) et plus r\u00e9cemment l\u2019attaquant Bernard Lacombe (17\u00a0juin 2025). \u00ab\u00a0Il nous en manque et on ne peut pas faire autre chose que le regretter profond\u00e9ment\u00a0\u00bb, leur a rendu hommage Alain Giresse avec pudeur et \u00e9motion dans son mot d\u2019accueil.<\/p>\n<p>Giresse \u00e0 la baguette<\/p>\n<p>Et nous voil\u00e0 donc, ce lundi 15\u00a0d\u00e9cembre, dans un salon de la Cit\u00e9 du vin, grand comme un vestiaire, jusqu\u2019au paper-board pos\u00e9 dans un coin, dont on croirait qu\u2019il va d\u00e9voiler l\u2019\u00e9quipe qui va bient\u00f4t entrer sur la pelouse du Parc Lescure pour \u00e9crire l\u2019une des plus belles pages de l\u2019histoire des Girondins malgr\u00e9 l\u2019\u00e9limination.<\/p>\n<p>En un instant, comme par magie, retour 40\u00a0ans en arri\u00e8re. Discours du capitaine Giresse \u00ab\u00a0heureux de se retrouver tous m\u00eame si certains ont du mal \u00e0 se rem\u00e9morer certains matchs (rire)\u00a0\u00bb. Comme sur le terrain, Jean Tigana joue le une-deux\u00a0: \u00ab\u00a0Je ne sais pas si c\u2019est la meilleure saison qu\u2019on ait faite aux Girondins, parce qu\u2019on a r\u00e9alis\u00e9 le doubl\u00e9 (coupe-championnat NDLR) l\u2019ann\u00e9e d\u2019apr\u00e8s et tu \u00e9tais parti, Alain\u00a0!\u00a0\u00bb Rire g\u00e9n\u00e9ral, le ton est donn\u00e9, une bonne couche de chambrage sous l\u2019\u00e9motion.<\/p>\n<blockquote><p>\u00ab\u00a0\u00c0 l\u2019aller, on avait eu un arbitrage assez surprenant\u00a0: le probl\u00e8me, c\u2019est que nous, on avait Opel pour sponsor et eux, Ferrari\u00a0\u00bb (Jean Tigana)<\/p><\/blockquote>\n<p>        <img decoding=\"async\" id=\"27120711\" src=\"https:\/\/www.europesays.com\/fr\/wp-content\/uploads\/2025\/12\/20251216103035-56a8211.jpg\" alt=\"Jean-Christophe Thouvenel, Ren\u00e9 Girard, Laurent Lassagne et Jean Tigana entourent Bernard Michelena, l\u2019adjoint de l\u2019entra\u00eeneur Aim\u00e9 Jacquet.\" itemprop=\"contentURL\"\/><\/p>\n<p>    Jean-Christophe Thouvenel, Ren\u00e9 Girard, Laurent Lassagne et Jean Tigana entourent Bernard Michelena, l\u2019adjoint de l\u2019entra\u00eeneur Aim\u00e9 Jacquet.<\/p>\n<p>Claude Petit\u00a0\/\u00a0SO<\/p>\n<p>        <img decoding=\"async\" id=\"27120716\" src=\"https:\/\/www.europesays.com\/fr\/wp-content\/uploads\/2025\/12\/20251216103055-56a8266.jpg\" alt=\"Marius Tr\u00e9sor, Alain Giresse et Jean Tigana red\u00e9couvrent la Une de Sud Ouest du 25\u00a0avril 1985.\" itemprop=\"contentURL\"\/><\/p>\n<p>    Marius Tr\u00e9sor, Alain Giresse et Jean Tigana red\u00e9couvrent la Une de Sud Ouest du 25\u00a0avril 1985.<\/p>\n<p>Claude Petit\u00a0\/\u00a0SO<\/p>\n<p>Et puis tr\u00e8s vite, l\u2019entr\u00e9e dans le match. Une photo des archives de \u00ab\u00a0Sud Ouest\u00a0\u00bb montre Rohr, Girard et Lacombe, le regard noir comme l\u2019orage, qui va bient\u00f4t tomber sur les Turinois. Vex\u00e9s les Girondins par la le\u00e7on du match aller au Stadio communale de Turin (0-3)\u00a0? \u00ab\u00a0On \u00e9tait remont\u00e9s, on avait eu un arbitrage assez surprenant\u00a0: le probl\u00e8me, c\u2019est que nous, on avait Opel pour sponsor et eux, Ferrari\u00a0\u00bb, grince Tigana. \u00c0 Belin-B\u00e9liet, o\u00f9 Aim\u00e9 Jacquet avait l\u2019habitude d\u2019organiser les mises au vert, la r\u00e9volte monte au fil des heures.<\/p>\n<p>Les 28 points de suture de Girard<\/p>\n<p>Ren\u00e9 Girard n\u2019avait pas besoin de cela pour se mettre en condition mais il n\u2019a pas oubli\u00e9 la b\u00e9quille et les 28 points de suture caus\u00e9s par une semelle de Cabrini qui l\u2019ont oblig\u00e9 \u00e0 quitter le terrain \u00e0 la mi-temps, \u00e0 l\u2019aller. \u00ab\u00a0Il avait \u00e9t\u00e9 \u00ab\u00a0op\u00e9r\u00e9\u00a0\u00bb dans le vestiaire par le docteur Boutges et son fils\u00a0\u00bb, raconte Bernard Michelena, l\u2019adjoint d\u2019Aim\u00e9 Jacquet, moustache et souvenirs intacts \u00e0 83\u00a0ans. \u00ab\u00a0J\u2019avais confiance\u00a0!\u00a0\u00bb, dit Girard avec une grimace qui raconte le contraire. Le plus fou, c\u2019est qu\u2019il sera bien au rendez-vous deux semaines plus tard. \u00ab\u00a0J\u2019ai pass\u00e9 quinze jours aux soins, j\u2019ai dit \u00e0 Aim\u00e9\u00a0: je joue. Pour dire jusqu\u2019o\u00f9 tu peux aller\u2026\u00a0\u00bb<\/p>\n<p>Mais cette fois, pas question de plaisanter avec Platini comme avant le match aller. \u00ab\u00a0Je croise Michel dans le paddock, je lui tends la main et l\u00e0, je sens qu\u2019on me retient le bras\u00a0\u00bb, raconte Giresse. C\u2019\u00e9tait Girard, garde du corps attitr\u00e9 du meneur de jeu des Girondins, sur le terrain et en dehors, ce jour-l\u00e0\u00a0: \u00ab\u00a0J\u2019ai eu un r\u00e9flexe malheureux (sourire) et je lui ai dit\u00a0: aujourd\u2019hui, on ne salue personne.\u00a0\u00bb<\/p>\n<p>\u00c0 tel point que dans le courant du match, Giresse se surprend \u00e0 refuser, encore, la main de son capitaine de l\u2019\u00e9quipe de France sacr\u00e9e champion d\u2019Europe quelques mois plus t\u00f4t. \u00ab\u00a0On avait conditionn\u00e9 Gigi\u00a0!\u00a0\u00bb Ils se marrent encore, sous le regard bienveillant du chroniqueur de Sud Ouest de l\u2019\u00e9poque, Andr\u00e9 Latournerie.<\/p>\n<p>        <img decoding=\"async\" id=\"27120704\" src=\"https:\/\/www.europesays.com\/fr\/wp-content\/uploads\/2025\/12\/20251216103040-56a814.jpg\" alt=\"Michelena et Giresse discutent avec Andr\u00e9 Latournerie, journaliste Sud Ouest de l\u2019\u00e9poque, Thierry Tusseau avec Hassan Hanini.\" itemprop=\"contentURL\"\/><\/p>\n<p>    Michelena et Giresse discutent avec Andr\u00e9 Latournerie, journaliste Sud Ouest de l\u2019\u00e9poque, Thierry Tusseau avec Hassan Hanini.<\/p>\n<p>Claude Petit\u00a0\/\u00a0SO<\/p>\n<p>        <img decoding=\"async\" id=\"27120725\" src=\"https:\/\/www.europesays.com\/fr\/wp-content\/uploads\/2025\/12\/20251216103105-56a8239.jpg\" alt=\"Thierry Tusseau avec le kin\u00e9 de l\u2019\u00e9poque Dominique Delsol, que les joueurs avaient tenu \u00e0 inviter.\" itemprop=\"contentURL\"\/><\/p>\n<p>    Thierry Tusseau avec le kin\u00e9 de l\u2019\u00e9poque Dominique Delsol, que les joueurs avaient tenu \u00e0 inviter.<\/p>\n<p>Claude Petit\u00a0\/\u00a0SO<\/p>\n<p>Les premiers contacts du match sont durs. Trop laiss\u00e9 libre \u00e0 l\u2019aller, Platini collectionne les tacles appuy\u00e9s de Rohr et Girard. \u00ab\u00a0Vous \u00eates vraiment s\u00fbrs que c\u2019\u00e9tait moi\u00a0?\u00a0\u00bb, rigole le Gardois. \u00ab\u00a0Platoche\u00a0\u00bb se fait encore chambrer 40\u00a0ans plus tard. \u00ab\u00a0Ne l\u2019\u00e9crivez pas (sic), mais il \u00e9tait tr\u00e8s p\u00e2le ce soir-l\u00e0 non\u00a0?\u00a0\u00bb, fait mine de s\u2019interroger Girard. \u00ab\u00a0Il ne veut pas se souvenir du match parce qu\u2019il n\u2019avait pas \u00e9t\u00e9 bon, il a eu peur\u00a0\u00bb, appuie Specht.<\/p>\n<blockquote><p>\u00ab\u00a0Il parlait alsacien sur le terrain, et quand L\u00e9o parle alsacien, c\u2019est qu\u2019il y a danger\u00a0!\u00a0\u00bb (Ren\u00e9 Girard)<\/p><\/blockquote>\n<p>Car m\u00eame le placide stoppeur est en mode combat ce 24\u00a0avril 1985. Il raconte de sa voix douce\u00a0: \u00ab\u00a0Je ne me souviens pas de tout mais Paolo Rossi (meilleur buteur de la Coupe du monde et Ballon d\u2019Or 1982, NDLR) est sorti vite, je crois. On m\u2019avait allum\u00e9 avant le match. Il y en a un dans l\u2019\u00e9quipe qui savait y faire et qui m\u2019avait dit\u00a0: celui-l\u00e0, on ne veut pas le voir\u00a0!\u00a0\u00bb Girard, qui se sent vis\u00e9, sourit\u00a0: \u00ab\u00a0Il parlait alsacien sur le terrain, et quand L\u00e9o parle alsacien, c\u2019est qu\u2019il y a danger\u00a0!\u00a0\u00bb<\/p>\n<p>Le premier but de Muller (24e minute), apr\u00e8s un contr\u00f4le en pivot sur un centre en retrait de Lacombe, fait encore monter la temp\u00e9rature d\u2019un Parc Lescure en \u00e9bullition. \u00ab\u00a0La Juve, ce n\u2019est pas une \u00e9quipe que tu jongles en marchant. Quand on marque, c\u2019\u00e9tait fabuleux\u00a0\u00bb, raconte Girard. L\u2019attaquant Michel Audrain est admiratif depuis le banc des rempla\u00e7ants\u00a0: \u00ab\u00a0Avec Aim\u00e9 et ces joueurs avec un gros palmar\u00e8s, on savait qu\u2019on \u00e9tait capables de tout. Ce qui me revient, c\u2019est la frappe de Battiste et l\u2019occasion de Jean pour le 3-0.\u00a0\u00bb<\/p>\n<p>Le \u00ab\u00a0miracle\u00a0\u00bb de Bodini<\/p>\n<p>Ah cet arr\u00eat de Bodini \u00e0 2-0. Tigana en mode Pagnol\u00a0: \u00ab\u00a0Oh, le gardien fait un miracle, la frappe \u00e9tait imparable\u00a0!\u00a0\u00bb Chambrage g\u00e9n\u00e9ral. \u00ab\u00a0Le gardien n\u2019a m\u00eame pas eu \u00e0 plonger\u00a0\u00bb, rigole Thierry Tusseau.<\/p>\n<p>Le momentum est pass\u00e9, c\u2019est la Juventus qui se qualifie pour une finale dramatique contre Liverpool au stade du Heysel de Bruxelles (1). \u00c0 la sortie du terrain, ce go\u00fbt amer \u00ab\u00a0d\u2019avoir \u00e9chou\u00e9 au sommet de l\u2019Europe\u00a0\u00bb. \u00ab\u00a0Quand je perds, je ne parle \u00e0 personne, m\u00eame pas \u00e0 ma femme\u00a0\u00bb, grimace Tigana.<\/p>\n<p>Mais 40\u00a0ans plus tard, ils sont li\u00e9s \u00e0 vie, avec la promesse de se revoir bient\u00f4t car le temps file vite. L\u00e9onard Specht soumet l\u2019id\u00e9e d\u2019organiser son jubil\u00e9 \u00e0 Mommenheim, son village en Alsace. \u00ab\u00a0On viendra seulement si c\u2019est en ao\u00fbt car il y neige m\u00eame en juillet\u00a0\u00bb, chambrent Giresse, Tigana et Girard.<\/p>\n<p>Co\u00e9quipiers un jour, co\u00e9quipiers toujours.<\/p>\n","protected":false},"excerpt":{"rendered":"Une grande partie de l\u2019\u00e9quipe des Girondins de la saison 1984-1985 \u00e9tait pr\u00e9sente aux Oscars Sud Ouest du&hellip;\n","protected":false},"author":2,"featured_media":605852,"comment_status":"","ping_status":"","sticky":false,"template":"","format":"standard","meta":{"footnotes":""},"categories":[2817],"tags":[1111,11,1997,1777,674,1011,27,12,2219,25],"class_list":{"0":"post-605851","1":"post","2":"type-post","3":"status-publish","4":"format-standard","5":"has-post-thumbnail","7":"category-bordeaux","8":"tag-actu","9":"tag-actualites","10":"tag-bordeaux","11":"tag-eu","12":"tag-europe","13":"tag-fr","14":"tag-france","15":"tag-news","16":"tag-nouvelle-aquitaine","17":"tag-republique-francaise"},"share_on_mastodon":{"url":"https:\/\/pubeurope.com\/@fr\/115736470080675185","error":""},"_links":{"self":[{"href":"https:\/\/www.europesays.com\/fr\/wp-json\/wp\/v2\/posts\/605851","targetHints":{"allow":["GET"]}}],"collection":[{"href":"https:\/\/www.europesays.com\/fr\/wp-json\/wp\/v2\/posts"}],"about":[{"href":"https:\/\/www.europesays.com\/fr\/wp-json\/wp\/v2\/types\/post"}],"author":[{"embeddable":true,"href":"https:\/\/www.europesays.com\/fr\/wp-json\/wp\/v2\/users\/2"}],"replies":[{"embeddable":true,"href":"https:\/\/www.europesays.com\/fr\/wp-json\/wp\/v2\/comments?post=605851"}],"version-history":[{"count":0,"href":"https:\/\/www.europesays.com\/fr\/wp-json\/wp\/v2\/posts\/605851\/revisions"}],"wp:featuredmedia":[{"embeddable":true,"href":"https:\/\/www.europesays.com\/fr\/wp-json\/wp\/v2\/media\/605852"}],"wp:attachment":[{"href":"https:\/\/www.europesays.com\/fr\/wp-json\/wp\/v2\/media?parent=605851"}],"wp:term":[{"taxonomy":"category","embeddable":true,"href":"https:\/\/www.europesays.com\/fr\/wp-json\/wp\/v2\/categories?post=605851"},{"taxonomy":"post_tag","embeddable":true,"href":"https:\/\/www.europesays.com\/fr\/wp-json\/wp\/v2\/tags?post=605851"}],"curies":[{"name":"wp","href":"https:\/\/api.w.org\/{rel}","templated":true}]}}