{"id":60586,"date":"2025-04-29T00:59:10","date_gmt":"2025-04-29T00:59:10","guid":{"rendered":"https:\/\/www.europesays.com\/fr\/60586\/"},"modified":"2025-04-29T00:59:10","modified_gmt":"2025-04-29T00:59:10","slug":"rheinmetall-les-ventes-poussees-par-le-rearmement-en-europe-28-04-2025-a-1928","status":"publish","type":"post","link":"https:\/\/www.europesays.com\/fr\/60586\/","title":{"rendered":"Rheinmetall: les ventes pouss\u00e9es par le r\u00e9armement en Europe &#8211; 28\/04\/2025 \u00e0 19:28"},"content":{"rendered":"<p>        <img fetchpriority=\"high\" decoding=\"async\" src=\"https:\/\/www.europesays.com\/fr\/wp-content\/uploads\/2025\/04\/a73cf9da6284939986e07925a4d989a0-760x540.jpg\" alt=\"( AFP \/ INA FASSBENDER )\" loading=\"eager\" width=\"760\" height=\"540\" style=\"max-width: 100%!important; height: auto;\"\/><\/p>\n<p class=\"c-image-news__legend\">( AFP \/ INA FASSBENDER )<\/p>\n<p>\n Le fabricant d&rsquo;armes allemand Rheinmetall a annonc\u00e9 lundi une hausse de son chiffre d&rsquo;affaires plus importante qu&rsquo;attendu, dans le contexte du r\u00e9armement europ\u00e9en en cours en raison de la guerre en Ukraine.\n<\/p>\n<p>\n De janvier \u00e0 mars, Rheinmetall, l&rsquo;une des 30 plus grandes entreprises du secteur de l&rsquo;armement au plan mondial, a r\u00e9alis\u00e9 un chiffre d&rsquo;affaires de 2,3 milliards d&rsquo;euros, en hausse de 46% sur un an, selon un communiqu\u00e9 de l\u2019entreprise.\n<\/p>\n<p>\n C&rsquo;est mieux que ce que pr\u00e9voyait le consensus d&rsquo;analystes interrog\u00e9s par la plateforme financi\u00e8re Factset, qui tablait sur 1,9 milliard.\n<\/p>\n<p>\n Rheinmetall a vu ses nouvelles commandes presque tripler au premier trimestre, pour atteindre 11 milliards d&rsquo;euros, principalement gr\u00e2ce \u00ab\u00a0aux commandes en provenance d&rsquo;Allemagne\u00a0\u00bb, a indiqu\u00e9 le groupe.\n<\/p>\n<p>\n L&rsquo;entreprise a \u00e9galement annonc\u00e9 une augmentation de 49% de son r\u00e9sultat d&rsquo;exploitation au premier trimestre, avec une marge op\u00e9rationnelle de 8,7%, dop\u00e9 par ses activit\u00e9s militaires (+96%).\n<\/p>\n<p>\n Le retour au pouvoir du pr\u00e9sident am\u00e9ricain Donald Trump au d\u00e9but de l&rsquo;ann\u00e9e a fait craindre en Europe une remise en cause des garanties de s\u00e9curit\u00e9 donn\u00e9es par Washington. Cette incertitude a pouss\u00e9 les gouvernements europ\u00e9ens \u00e0 augmenter leurs d\u00e9penses en mati\u00e8re de d\u00e9fense face \u00e0 la menace potentielle de la Russie.\n<\/p>\n<p>\n En Allemagne, le nouveau gouvernement pr\u00e9pare une augmentation massive des d\u00e9penses de d\u00e9fense qui pourraient atteindre plusieurs centaines de milliards d&rsquo;euros sur plusieurs ann\u00e9es.\n<\/p>\n<p>\n Le carnet de commandes de Rheinmetall a atteint un nouveau \u00ab\u00a0record\u00a0\u00bb de 62,2 milliards d&rsquo;euros. Malgr\u00e9 ses r\u00e9sultats meilleurs que pr\u00e9vu, le groupe a maintenu ses pr\u00e9visions pour l&rsquo;ann\u00e9e, tablant sur une augmentation de son chiffre d&rsquo;affaires de 25 \u00e0 30%.\n<\/p>\n<p>\n Toutefois, ces pr\u00e9visions \u00ab\u00a0ne tiennent pas encore compte de l&rsquo;am\u00e9lioration du potentiel du march\u00e9 qui devrait se produire (&#8230;) \u00e0 la suite des d\u00e9veloppements g\u00e9opolitiques de ces derni\u00e8res semaines\u00a0\u00bb, rel\u00e8ve dans son communiqu\u00e9 l&rsquo;entreprise, qui cite en particulier l&rsquo;Europe, l&rsquo;Allemagne et l&rsquo;Ukraine.\n<\/p>\n<p>\n Les r\u00e9sultats complets du premier trimestre de Rheinmetall seront publi\u00e9s le 8 mai.<\/p>\n","protected":false},"excerpt":{"rendered":"( AFP \/ INA FASSBENDER ) Le fabricant d&rsquo;armes allemand Rheinmetall a annonc\u00e9 lundi une hausse de son&hellip;\n","protected":false},"author":2,"featured_media":60587,"comment_status":"","ping_status":"","sticky":false,"template":"","format":"standard","meta":{"footnotes":""},"categories":[1586],"tags":[400,11,398,408,405,1777,674,1011,27,403,402,399,404,12,25,401,406,407],"class_list":{"0":"post-60586","1":"post","2":"type-post","3":"status-publish","4":"format-standard","5":"has-post-thumbnail","7":"category-europe","8":"tag-action-cac-40","9":"tag-actualites","10":"tag-bourse-de-paris","11":"tag-boursorama","12":"tag-cotations","13":"tag-eu","14":"tag-europe","15":"tag-fr","16":"tag-france","17":"tag-indices-devises","18":"tag-investir","19":"tag-investissement","20":"tag-marche-boursier","21":"tag-news","22":"tag-republique-francaise","23":"tag-sicav","24":"tag-trackers","25":"tag-warrants"},"share_on_mastodon":{"url":"https:\/\/pubeurope.com\/@fr\/114418546469933210","error":""},"_links":{"self":[{"href":"https:\/\/www.europesays.com\/fr\/wp-json\/wp\/v2\/posts\/60586","targetHints":{"allow":["GET"]}}],"collection":[{"href":"https:\/\/www.europesays.com\/fr\/wp-json\/wp\/v2\/posts"}],"about":[{"href":"https:\/\/www.europesays.com\/fr\/wp-json\/wp\/v2\/types\/post"}],"author":[{"embeddable":true,"href":"https:\/\/www.europesays.com\/fr\/wp-json\/wp\/v2\/users\/2"}],"replies":[{"embeddable":true,"href":"https:\/\/www.europesays.com\/fr\/wp-json\/wp\/v2\/comments?post=60586"}],"version-history":[{"count":0,"href":"https:\/\/www.europesays.com\/fr\/wp-json\/wp\/v2\/posts\/60586\/revisions"}],"wp:featuredmedia":[{"embeddable":true,"href":"https:\/\/www.europesays.com\/fr\/wp-json\/wp\/v2\/media\/60587"}],"wp:attachment":[{"href":"https:\/\/www.europesays.com\/fr\/wp-json\/wp\/v2\/media?parent=60586"}],"wp:term":[{"taxonomy":"category","embeddable":true,"href":"https:\/\/www.europesays.com\/fr\/wp-json\/wp\/v2\/categories?post=60586"},{"taxonomy":"post_tag","embeddable":true,"href":"https:\/\/www.europesays.com\/fr\/wp-json\/wp\/v2\/tags?post=60586"}],"curies":[{"name":"wp","href":"https:\/\/api.w.org\/{rel}","templated":true}]}}