{"id":605862,"date":"2025-12-17T19:11:13","date_gmt":"2025-12-17T19:11:13","guid":{"rendered":"https:\/\/www.europesays.com\/fr\/605862\/"},"modified":"2025-12-17T19:11:13","modified_gmt":"2025-12-17T19:11:13","slug":"combien-ca-coute-de-manger-dans-ses-restaurants-preferes-sur-la-corniche","status":"publish","type":"post","link":"https:\/\/www.europesays.com\/fr\/605862\/","title":{"rendered":"combien \u00e7a co\u00fbte de manger dans ses restaurants pr\u00e9f\u00e9r\u00e9s sur La Corniche ?"},"content":{"rendered":"<p>                                    <img decoding=\"async\" src=\"https:\/\/www.europesays.com\/fr\/wp-content\/uploads\/2025\/12\/943a7b3a30649461b15d63b130a8893db2e15d407ea6f8cde7c0a2abffe9771f.jpg\" alt=\"GALA - CQFC Tourisme\" class=\"a11y-hidden\" fetchpriority=\"high\"\/><\/p>\n<p class=\"fig-standfirst\">\n    Ce mercredi 17 d\u00e9cembre, Carole Rousseau est aux commandes de l\u2019\u00e9mission Plein les yeux, diffus\u00e9e sur RMC Story. Depuis qu\u2019elle a \u00e9lu domicile \u00e0 Marseille, l\u2019animatrice a d\u00e9couvert de savoureux restaurants asiatiques, comme elle l\u2019a confi\u00e9 \u00e0 La Provence. Des \u00e9tablissements gourmands qui proposent des menus abordables.<\/p>\n<p class=\"fig-paragraph\">Des adresses qu\u2019elle recommande les yeux ferm\u00e9s. De retour sur le petit \u00e9cran avec l\u2019\u00e9mission Plein les yeux, p<a href=\"http:\/\/www.gala.fr\/l_actu\/news_de_stars\/jacques-legros-et-carole-rousseau-leur-tandem-culte-revient-mais-ailleurs-qu-a-tf1-20250918\" data-fig-type=\"Article\" data-gtm-custom-categorie=\"navigation\" data-gtm-custom-action=\"crossclick\" data-gtm-custom-label=\"Contextuel\" data-gtm-event=\"customEventSPE\" data-fig-domain=\"GALA\" target=\"_blank\" rel=\"noopener\">r\u00e9sent\u00e9e en compagnie de Jacques Legros<\/a>\u00a0ce mercredi 17 d\u00e9cembre sur RMC Story, Carole Rousseau m\u00e8ne une vie paisible \u00e0 Marseille. Depuis maintenant trois ans, l\u2019animatrice a d\u00e9cid\u00e9 de quitter le tumulte parisien et de poser ses valises dans la cit\u00e9 phoc\u00e9enne. Un choix sur lequel elle est longuement revue lors aupr\u00e8s de nos confr\u00e8res de La Provence, le 16 d\u00e9cembre dernier. Lors de cette interview, Carole Rousseau a vant\u00e9 \u00abla qualit\u00e9 de vie de dingue\u00bb et \u00abl\u2019\u00e9nergie diff\u00e9rente\u201d de cette ville portuaire du sud de la France.\u00a0\u00bbIl y a une forme de fraternit\u00e9 que je trouve int\u00e9ressante. Les gens se parlent, \u00e9changent, vous ne voyez plus \u00e7a ailleurs\u00ab, a-t-elle assur\u00e9 au cours de cet \u00e9change.<\/p>\n<p>Si elle est conquise par les Marseillais, Carole Rousseau est \u00e9galement tomb\u00e9e sous le charme de nombreux restaurants situ\u00e9s sur La Corniche. Apr\u00e8s avoir fait une s\u00e9ance de longe c\u00f4te \u00e0 la Pointe-Rouge,\u00a0<a href=\"http:\/\/www.gala.fr\/l_actu\/news_de_stars\/carole-rousseau-maman-des-jumeaux-luchino-et-vittorio-ses-rares-confidences-de-mere-de-famille-bien-occupee-20251217\" data-fig-type=\"Article\" data-gtm-custom-categorie=\"navigation\" data-gtm-custom-action=\"crossclick\" data-gtm-custom-label=\"Contextuel\" data-gtm-event=\"customEventSPE\" data-fig-domain=\"GALA\" target=\"_blank\" rel=\"noopener\">la m\u00e8re de famille<\/a>\u00a0\u00abaime bien\u00bb s\u2019attabler au \u00ab<a href=\"https:\/\/www.restaurantsonthuy.fr\/notre-carte\" target=\"_blank\" rel=\"nofollow noopener\" data-gtm-custom-categorie=\"navigation\" data-gtm-custom-action=\"crossclick\" data-gtm-custom-label=\"Contextuel\" data-gtm-event=\"customEventSPE\">resto asiatique Son Thuy<\/a> \u00bb. Nich\u00e9 au 108 corniche du pr\u00e9sident John F. Kennedy, cet \u00e9tablissement est propice \u00e0 un voyage culinaire d\u2019exception. Avec des produits frais et s\u00e9lectionn\u00e9s avec soin, le chef pr\u00e9pare des sp\u00e9cialit\u00e9s tha\u00eflandaises et vietnamiennes savoureuses \u00e0 des prix tr\u00e8s abordables. En effet, le menu du midi et du soir est affich\u00e9 \u00e0 23 euros. Pour l\u2019entr\u00e9e, vous avez le choix entre un assortiment de nems ou une salade tha\u00ef. Concernant le plat de r\u00e9sistance, vous n\u2019aurez que l\u2019embarras du choix avec un poulet sat\u00e9, des crevettes chop suey, un porc piquant ou des brochettes yakitori. Le tout est accompagn\u00e9 de riz nature ou de riz cantonais. Pour finir sur une note sucr\u00e9e, glace ou litchi sont \u00e0 la carte. Outre cette proposition, vous pourrez \u00e9galement vous faire plaisir avec une salade \u00e0 l\u2019ananas et aux crevettes (14 euros), un pad tha\u00ef au canard (18 euros) ou l\u2019assiette du chef compos\u00e9e de porc laqu\u00e9, poulet craquant et canard Son Thuy, accompagn\u00e9e de riz nature et de sa sauce aigre-doux piment\u00e9e (24 euros). Des plats qui feront voyager vos papilles.<\/p>\n<p>    Le Son Thuy<br \/>\n                Capture d\u2019\u00e9cran Facebook<\/p>\n<p>                                                                Carole Rousseau fan d\u2019un second restaurant asiatique \u00e0 Marseille<\/p>\n<p class=\"fig-paragraph\">Grande amatrice de cuisine asiatique, Carole Rousseau a \u00e9galement une seconde adresse o\u00f9 elle aime s\u2019attabler\u00a0: \u00ab<a href=\"https:\/\/www.p-kitchen.com\/carte-restaurant-thai\/\" target=\"_blank\" rel=\"nofollow noopener\" data-gtm-custom-categorie=\"navigation\" data-gtm-custom-action=\"crossclick\" data-gtm-custom-label=\"Contextuel\" data-gtm-event=\"customEventSPE\">Pascal\u2019s Kitchen\u00a0<\/a> \u00e0 la Pointe Rouge\u00bb, a-t-elle r\u00e9v\u00e9l\u00e9 \u00e0 La Provence. M\u00ealant \u00e0 la fois la cuisine tha\u00ef et le semi-gastronomique fran\u00e7ais, cet \u00e9tablissement est id\u00e9al pour un d\u00eener en amoureux, entre amis, en famille ou pour un repas d\u2019affaires. Tout en admirant une vue imprenable sur la mer M\u00e9diterran\u00e9e, vous pourrez savourer des plats concoct\u00e9s avec des produits frais et minutieusement choisis par le chef Pascal.\u00a0<\/p>\n<p>Pour commencer votre voyage gustatif, optez pour un bao au crabe et cigale de mer (23 euros), une salade de mangue et daurade croustillante (21 euros), une pastilla de m\u00e9rou au miel et cannelle (19 euros) ou des nems aux l\u00e9gumes (18 euros). Pour poursuivre cette exp\u00e9dition, une daurade au gingembre et champignons parfum\u00e9s (34 euros) et un ris de veau aux morilles (38 euros) sont \u00e0 la carte. Pour les amateurs de desserts, laissez-vous tenter par un gaspacho de fraises (11,50 euros), des graines de chia au lait de coco (9,50 euros) ou les fameux mochis (11,50 euros). Le choix s\u2019annonce difficile \u00e0 faire\u2026<\/p>\n","protected":false},"excerpt":{"rendered":"Ce mercredi 17 d\u00e9cembre, Carole Rousseau est aux commandes de l\u2019\u00e9mission Plein les yeux, diffus\u00e9e sur RMC Story.&hellip;\n","protected":false},"author":2,"featured_media":605863,"comment_status":"","ping_status":"","sticky":false,"template":"","format":"standard","meta":{"footnotes":""},"categories":[2814],"tags":[1111,11,38906,52981,1777,674,2656,1011,27,884,12,882,25,1340,252],"class_list":{"0":"post-605862","1":"post","2":"type-post","3":"status-publish","4":"format-standard","5":"has-post-thumbnail","7":"category-marseille","8":"tag-actu","9":"tag-actualites","10":"tag-animatrice","11":"tag-carole-rousseau","12":"tag-eu","13":"tag-europe","14":"tag-food","15":"tag-fr","16":"tag-france","17":"tag-marseille","18":"tag-news","19":"tag-provence-alpes-cote-dazur","20":"tag-republique-francaise","21":"tag-restaurant","22":"tag-television"},"share_on_mastodon":{"url":"https:\/\/pubeurope.com\/@fr\/115736497128718776","error":""},"_links":{"self":[{"href":"https:\/\/www.europesays.com\/fr\/wp-json\/wp\/v2\/posts\/605862","targetHints":{"allow":["GET"]}}],"collection":[{"href":"https:\/\/www.europesays.com\/fr\/wp-json\/wp\/v2\/posts"}],"about":[{"href":"https:\/\/www.europesays.com\/fr\/wp-json\/wp\/v2\/types\/post"}],"author":[{"embeddable":true,"href":"https:\/\/www.europesays.com\/fr\/wp-json\/wp\/v2\/users\/2"}],"replies":[{"embeddable":true,"href":"https:\/\/www.europesays.com\/fr\/wp-json\/wp\/v2\/comments?post=605862"}],"version-history":[{"count":0,"href":"https:\/\/www.europesays.com\/fr\/wp-json\/wp\/v2\/posts\/605862\/revisions"}],"wp:featuredmedia":[{"embeddable":true,"href":"https:\/\/www.europesays.com\/fr\/wp-json\/wp\/v2\/media\/605863"}],"wp:attachment":[{"href":"https:\/\/www.europesays.com\/fr\/wp-json\/wp\/v2\/media?parent=605862"}],"wp:term":[{"taxonomy":"category","embeddable":true,"href":"https:\/\/www.europesays.com\/fr\/wp-json\/wp\/v2\/categories?post=605862"},{"taxonomy":"post_tag","embeddable":true,"href":"https:\/\/www.europesays.com\/fr\/wp-json\/wp\/v2\/tags?post=605862"}],"curies":[{"name":"wp","href":"https:\/\/api.w.org\/{rel}","templated":true}]}}