{"id":605866,"date":"2025-12-17T19:14:20","date_gmt":"2025-12-17T19:14:20","guid":{"rendered":"https:\/\/www.europesays.com\/fr\/605866\/"},"modified":"2025-12-17T19:14:20","modified_gmt":"2025-12-17T19:14:20","slug":"dans-les-coulisses-du-nouveau-batiment-de-chirurgie","status":"publish","type":"post","link":"https:\/\/www.europesays.com\/fr\/605866\/","title":{"rendered":"dans les coulisses du nouveau b\u00e2timent de chirurgie"},"content":{"rendered":"<p>Imposant et lumineux tant en ext\u00e9rieur qu\u2019en int\u00e9rieur, le nouveau b\u00e2timent 3A du Centre hospitalier Lyon sud est le symbole de la \u00ab\u00a0nouvelle \u00e8re\u00a0\u00bb dans laquelle va entrer ce site des Hospices civils de Lyon en 2026. Huit ans apr\u00e8s son lancement, il repr\u00e9sente l\u2019\u00e9tape la plus importante du vaste projet BAUR\u00e9aLS (Blocs Accueil Urgences R\u00e9animation Lyon Sud) d\u2019un montant de 175M\u20ac, avec la cr\u00e9ation de 16 nouvelles salles op\u00e9ratoires, 24 postes de r\u00e9veil, une unit\u00e9 de chirurgie ambulatoire, une unit\u00e9 de soins critiques.<\/p>\n<p>Construit \u00e0 la fin des ann\u00e9es 1970, le b\u00e2timent a fait l\u2019objet d\u2019une r\u00e9habilitation sur 16\u00a0800 m2\u00a0 et d\u2019une extension (12\u00a0500 m2) dont cette nouvelle fa\u00e7ade au nord du b\u00e2timent, par laquelle se fera d\u00e9sormais l\u2019entr\u00e9e, \u00e0 proximit\u00e9&#8230;<\/p>\n","protected":false},"excerpt":{"rendered":"Imposant et lumineux tant en ext\u00e9rieur qu\u2019en int\u00e9rieur, le nouveau b\u00e2timent 3A du Centre hospitalier Lyon sud est&hellip;\n","protected":false},"author":2,"featured_media":605867,"comment_status":"","ping_status":"","sticky":false,"template":"","format":"standard","meta":{"footnotes":""},"categories":[1889],"tags":[1111,11,2430,2757,3154,1777,674,1011,27,2428,2756,12,25,2429,71],"class_list":{"0":"post-605866","1":"post","2":"type-post","3":"status-publish","4":"format-standard","5":"has-post-thumbnail","7":"category-lyon","8":"tag-actu","9":"tag-actualites","10":"tag-auvergne-rhone-alpes","11":"tag-edition-lyon-villeurbanne","12":"tag-edition-sud-lyonnais","13":"tag-eu","14":"tag-europe","15":"tag-fr","16":"tag-france","17":"tag-lyon","18":"tag-lyon-bassin","19":"tag-news","20":"tag-republique-francaise","21":"tag-rhone","22":"tag-sante"},"share_on_mastodon":{"url":"https:\/\/pubeurope.com\/@fr\/115736508105591780","error":""},"_links":{"self":[{"href":"https:\/\/www.europesays.com\/fr\/wp-json\/wp\/v2\/posts\/605866","targetHints":{"allow":["GET"]}}],"collection":[{"href":"https:\/\/www.europesays.com\/fr\/wp-json\/wp\/v2\/posts"}],"about":[{"href":"https:\/\/www.europesays.com\/fr\/wp-json\/wp\/v2\/types\/post"}],"author":[{"embeddable":true,"href":"https:\/\/www.europesays.com\/fr\/wp-json\/wp\/v2\/users\/2"}],"replies":[{"embeddable":true,"href":"https:\/\/www.europesays.com\/fr\/wp-json\/wp\/v2\/comments?post=605866"}],"version-history":[{"count":0,"href":"https:\/\/www.europesays.com\/fr\/wp-json\/wp\/v2\/posts\/605866\/revisions"}],"wp:featuredmedia":[{"embeddable":true,"href":"https:\/\/www.europesays.com\/fr\/wp-json\/wp\/v2\/media\/605867"}],"wp:attachment":[{"href":"https:\/\/www.europesays.com\/fr\/wp-json\/wp\/v2\/media?parent=605866"}],"wp:term":[{"taxonomy":"category","embeddable":true,"href":"https:\/\/www.europesays.com\/fr\/wp-json\/wp\/v2\/categories?post=605866"},{"taxonomy":"post_tag","embeddable":true,"href":"https:\/\/www.europesays.com\/fr\/wp-json\/wp\/v2\/tags?post=605866"}],"curies":[{"name":"wp","href":"https:\/\/api.w.org\/{rel}","templated":true}]}}