{"id":605881,"date":"2025-12-17T19:23:18","date_gmt":"2025-12-17T19:23:18","guid":{"rendered":"https:\/\/www.europesays.com\/fr\/605881\/"},"modified":"2025-12-17T19:23:18","modified_gmt":"2025-12-17T19:23:18","slug":"ayoub-jabbari-sengage-definitivement-aux-usa-off","status":"publish","type":"post","link":"https:\/\/www.europesays.com\/fr\/605881\/","title":{"rendered":"Ayoub Jabbari s\u2019engage d\u00e9finitivement aux USA (off)"},"content":{"rendered":"<p>De quoi permettre au pensionnaire de la deuxi\u00e8me division tricolore de faire rentrer un peu plus de liquidit\u00e9s. Ce mercredi 17 d\u00e9cembre, Grenoble a effectivement officialis\u00e9 le d\u00e9part de l\u2019un de ses attaquants en la personne d\u2019Ayoub Jabbari. Pr\u00eat\u00e9 depuis cet \u00e9t\u00e9 aux \u00c9tats-Unis o\u00f9 il \u00e9volue d\u00e9sormais sous les couleurs du FC Cincinnati, l\u2019attaquant a \u00e9t\u00e9 achet\u00e9 pour deux millions d\u2019euros par la formation am\u00e9ricaine. Apparu \u00e0 huit reprises toutes comp\u00e9titions confondues avec le pensionnaire de Major League Soccer, le joueur de 25 ans n\u2019a pas encore trouv\u00e9 le chemin des filets. Du c\u00f4t\u00e9 des Alpes, le Marocain a disput\u00e9 29 matchs pour trois petites r\u00e9alisations en une saison.<\/p>\n<p>Le communiqu\u00e9 du GF38<\/p>\n<blockquote class=\"twitter-tweet\">\n<p dir=\"ltr\" lang=\"fr\">Pr\u00eat\u00e9 depuis cet \u00e9t\u00e9 au FC Cincinnati, Ayoub Jabbari s\u2019engage d\u00e9finitivement avec le club !<\/p>\n<p>Bonne continuation Ayoub \ud83d\udd35\u26aa\ufe0f <a href=\"https:\/\/t.co\/9X9rEkjWnB\">pic.twitter.com\/9X9rEkjWnB<\/a><\/p>\n<p>\u2014 Grenoble Foot 38 (@GF38_Officiel) <a href=\"https:\/\/twitter.com\/GF38_Officiel\/status\/2001215894261784896?ref_src=twsrc%5Etfw\" target=\"_blank\" rel=\"noopener\">December 17, 2025<\/a><\/p>\n<\/blockquote>\n<p>Partagez cette info avec vos amis et vos proches en cliquant ici<br \/>Pour r\u00e9sumer<\/p>\n<p>De quoi permettre au pensionnaire de la deuxi\u00e8me division tricolore de faire rentrer un peu plus de liquidit\u00e9s. Ce mercredi 17 d\u00e9cembre, Grenoble a effectivement officialis\u00e9 le d\u00e9part de l\u2019un de ses attaquants en la personne d\u2019Ayoub Jabbari.<\/p>\n<p> <img decoding=\"async\" width=\"76\" height=\"76\" loading=\"lazy\" src=\"https:\/\/static.wui.fr\/images_v3\/avatar-footnational.png\" alt=\"Youcef Ghalaza-Boudra\"\/><script async src=\"https:\/\/platform.twitter.com\/widgets.js\" charset=\"utf-8\"><\/script><\/p>\n","protected":false},"excerpt":{"rendered":"De quoi permettre au pensionnaire de la deuxi\u00e8me division tricolore de faire rentrer un peu plus de liquidit\u00e9s.&hellip;\n","protected":false},"author":2,"featured_media":605882,"comment_status":"","ping_status":"","sticky":false,"template":"","format":"standard","meta":{"footnotes":""},"categories":[1589],"tags":[11,73,1866,59995,71739,12,1864,1865,1863,308],"class_list":{"0":"post-605881","1":"post","2":"type-post","3":"status-publish","4":"format-standard","5":"has-post-thumbnail","7":"category-etats-unis","8":"tag-actualites","9":"tag-etats-unis","10":"tag-etats-unis-damerique","11":"tag-ligue-2-actus","12":"tag-ligue-2-mercato","13":"tag-news","14":"tag-united-states","15":"tag-united-states-of-america","16":"tag-us","17":"tag-usa"},"share_on_mastodon":{"url":"https:\/\/pubeurope.com\/@fr\/115736545041106427","error":""},"_links":{"self":[{"href":"https:\/\/www.europesays.com\/fr\/wp-json\/wp\/v2\/posts\/605881","targetHints":{"allow":["GET"]}}],"collection":[{"href":"https:\/\/www.europesays.com\/fr\/wp-json\/wp\/v2\/posts"}],"about":[{"href":"https:\/\/www.europesays.com\/fr\/wp-json\/wp\/v2\/types\/post"}],"author":[{"embeddable":true,"href":"https:\/\/www.europesays.com\/fr\/wp-json\/wp\/v2\/users\/2"}],"replies":[{"embeddable":true,"href":"https:\/\/www.europesays.com\/fr\/wp-json\/wp\/v2\/comments?post=605881"}],"version-history":[{"count":0,"href":"https:\/\/www.europesays.com\/fr\/wp-json\/wp\/v2\/posts\/605881\/revisions"}],"wp:featuredmedia":[{"embeddable":true,"href":"https:\/\/www.europesays.com\/fr\/wp-json\/wp\/v2\/media\/605882"}],"wp:attachment":[{"href":"https:\/\/www.europesays.com\/fr\/wp-json\/wp\/v2\/media?parent=605881"}],"wp:term":[{"taxonomy":"category","embeddable":true,"href":"https:\/\/www.europesays.com\/fr\/wp-json\/wp\/v2\/categories?post=605881"},{"taxonomy":"post_tag","embeddable":true,"href":"https:\/\/www.europesays.com\/fr\/wp-json\/wp\/v2\/tags?post=605881"}],"curies":[{"name":"wp","href":"https:\/\/api.w.org\/{rel}","templated":true}]}}