{"id":605883,"date":"2025-12-17T19:24:18","date_gmt":"2025-12-17T19:24:18","guid":{"rendered":"https:\/\/www.europesays.com\/fr\/605883\/"},"modified":"2025-12-17T19:24:18","modified_gmt":"2025-12-17T19:24:18","slug":"le-royaume-uni-fera-son-retour-dans-le-programme-dechange-universitaire-en-2027-sept-ans-apres-le-brexit-liberation","status":"publish","type":"post","link":"https:\/\/www.europesays.com\/fr\/605883\/","title":{"rendered":"le Royaume-Uni fera son retour dans le programme d\u2019\u00e9change universitaire en\u00a02027, sept\u00a0ans apr\u00e8s le Brexit \u2013 Lib\u00e9ration"},"content":{"rendered":"<p class=\"sc-cPiKLX AiZTS text-element\">Bonne nouvelle pour les \u00e9tudiants europ\u00e9ens d\u00e9sireux de se former dans les tr\u00e8s renomm\u00e9es universit\u00e9s britanniques, ou encore de d\u00e9couvrir les non moins c\u00e9l\u00e8bres pubs de l\u2019archipel\u00a0: le Royaume-Uni a trouv\u00e9 un accord avec Bruxelles pour r\u00e9int\u00e9grer d\u00e8s\u00a02027 <a href=\"https:\/\/www.liberation.fr\/france\/2019\/05\/10\/erasmus-les-jeunes-croient-ils-encore-en-l-europe_1725833\/\" target=\"_blank\" rel=\"noopener\" title=\"https:\/\/www.liberation.fr\/france\/2019\/05\/10\/erasmus-les-jeunes-croient-ils-encore-en-l-europe_1725833\/\">le programme europ\u00e9en d\u2019\u00e9changes universitaires Erasmus<\/a>, ont annonc\u00e9 ce mercredi 17\u00a0d\u00e9cembre le gouvernement britannique et l\u2019UE dans un communiqu\u00e9 conjoint.<\/p>\n<p class=\"sc-cPiKLX AiZTS text-element\">Le Royaume-Uni avait quitt\u00e9 le programme lors de sa sortie de l\u2019UE d\u00e9but\u00a02021. Cette d\u00e9cision du Premier ministre conservateur, <a href=\"https:\/\/www.liberation.fr\/portraits\/boris-johnson-passage-en-farce-20241122_RSC3V4WX2JBVRL2DBQQWQQI62I\/\" target=\"_blank\" rel=\"noopener\" title=\"https:\/\/www.liberation.fr\/portraits\/boris-johnson-passage-en-farce-20241122_RSC3V4WX2JBVRL2DBQQWQQI62I\/\">Boris Johnson<\/a>, avait suscit\u00e9 la consternation chez <a href=\"https:\/\/www.liberation.fr\/planete\/2020\/12\/27\/sortir-d-erasmus-le-drole-de-calcul-de-londres_1809737\/\" target=\"_blank\" rel=\"noopener\" title=\"https:\/\/www.liberation.fr\/planete\/2020\/12\/27\/sortir-d-erasmus-le-drole-de-calcul-de-londres_1809737\/\">les \u00e9tudiants et les acteurs de l\u2019enseignement sup\u00e9rieur au Royaume-Uni.<\/a> Le Premier ministre conservateur avait alors mis en avant le co\u00fbt du programme, trop \u00e9lev\u00e9 selon lui, arguant que Londres accueillait plus d\u2019\u00e9tudiants europ\u00e9ens (35\u00a0000 par an environ) qu\u2019il n\u2019envoyait de jeunes Britanniques (17\u00a0000) sur le continent. Il avait alors cr\u00e9\u00e9 son propre programme Alan Turing, du nom de ce <a href=\"https:\/\/www.liberation.fr\/sciences\/2013\/12\/24\/grace-posthume-pour-le-mathematicien-britannique-alan-turing_968742\/\" target=\"_blank\" rel=\"noopener\" title=\"https:\/\/www.liberation.fr\/sciences\/2013\/12\/24\/grace-posthume-pour-le-mathematicien-britannique-alan-turing_968742\/\">c\u00e9l\u00e8bre math\u00e9maticien britannique.<\/a><\/p>\n<p>\u00abUn grand pas en avant\u00bb<\/p>\n<p class=\"sc-cPiKLX AiZTS text-element\">Aujourd\u2019hui, ce retour annonc\u00e9 \u00abest une victoire majeure pour nos jeunes, en levant les obstacles et en <a href=\"https:\/\/www.liberation.fr\/idees-et-debats\/tribunes\/europe-un-erasmus-de-la-memoire-pour-depasser-les-haines-20230509_LI3B3FJUKZB2DPV3J4ZZH2MZVI\/\" target=\"_blank\" rel=\"noopener\" title=\"https:\/\/www.liberation.fr\/idees-et-debats\/tribunes\/europe-un-erasmus-de-la-memoire-pour-depasser-les-haines-20230509_LI3B3FJUKZB2DPV3J4ZZH2MZVI\/\">\u00e9largissant les horizons<\/a> afin que chacun, quelle que soit son origine, ait la possibilit\u00e9 d\u2019\u00e9tudier et de se former \u00e0 l\u2019\u00e9tranger\u00bb, a c\u00e9l\u00e9br\u00e9 le ministre britannique des relations avec l\u2019Union europ\u00e9enne, Nick Thomas-Symonds.<\/p>\n<p class=\"sc-cPiKLX AiZTS text-element\">La r\u00e9int\u00e9gration du Royaume-Uni \u00e0 Erasmus \u00abouvre la voie \u00e0 de nouvelles exp\u00e9riences partag\u00e9es et \u00e0 des <a href=\"https:\/\/www.liberation.fr\/idees-et-debats\/editorial\/couples-europeens-erasmus-mon-amour-20240524_UHH3XNGKAZGWDIAA7OD2YB2DDQ\/\" target=\"_blank\" rel=\"noopener\" title=\"https:\/\/www.liberation.fr\/idees-et-debats\/editorial\/couples-europeens-erasmus-mon-amour-20240524_UHH3XNGKAZGWDIAA7OD2YB2DDQ\/\">amiti\u00e9s durables<\/a>\u00bb \u00e0 tous les \u00e9tudiants qui pourront b\u00e9n\u00e9ficier de cette extension du programme, a soulign\u00e9 sur X la pr\u00e9sidente de l\u2019ex\u00e9cutif europ\u00e9en Ursula von der Leyen, tandis que le commissaire au Commerce, Maros Sefcovic, a salu\u00e9 \u00abun grand pas en avant\u00bb pour les relations entre l\u2019UE et le Royaume-Uni.<\/p>\n<p class=\"sc-cPiKLX AiZTS text-element\">L\u2019accord devra encore \u00eatre approuv\u00e9 par les 27 Etats membres. Il s\u2019inscrit dans le cadre de la relance des relations avec l\u2019UE entreprise par le Premier ministre travailliste <a href=\"https:\/\/www.liberation.fr\/international\/europe\/royaume-uni-avec-son-nouveau-budget-le-labour-retrouve-sa-gauche-20251130_TIRDZIBH2VC5VK7UTJDTBIYGRQ\/\" target=\"_blank\" rel=\"noopener\" title=\"https:\/\/www.liberation.fr\/international\/europe\/royaume-uni-avec-son-nouveau-budget-le-labour-retrouve-sa-gauche-20251130_TIRDZIBH2VC5VK7UTJDTBIYGRQ\/\">Keir Starmer<\/a> depuis son arriv\u00e9e au pouvoir en juillet\u00a02024, apr\u00e8s <a href=\"https:\/\/www.liberation.fr\/international\/europe\/cinq-ans-apres-le-brexit-le-rapprochement-entre-le-royaume-uni-et-lue-signe-le-debut-dune-nouvelle-ere-20250519_I4ZGIZQAU5CJJMA6XWIPK3NNTM\/\" target=\"_blank\" rel=\"noopener\" title=\"https:\/\/www.liberation.fr\/international\/europe\/cinq-ans-apres-le-brexit-le-rapprochement-entre-le-royaume-uni-et-lue-signe-le-debut-dune-nouvelle-ere-20250519_I4ZGIZQAU5CJJMA6XWIPK3NNTM\/\">des ann\u00e9es de tensions<\/a> entre l\u2019UE et les pr\u00e9c\u00e9dents gouvernements conservateurs li\u00e9es au Brexit.<\/p>\n<p class=\"sc-cPiKLX AiZTS text-element\">Depuis sa cr\u00e9ation en\u00a01987, neuf millions de personnes ont b\u00e9n\u00e9fici\u00e9 d\u2019Erasmus, qui a \u00e9galement contribu\u00e9 \u00e0 former une g\u00e9n\u00e9ration de Britanniques pro-europ\u00e9ens. Les jeunes Fran\u00e7ais avaient fait du Royaume-Uni leur destination favorite entre\u00a02014 et\u00a02019, selon les chiffres de l\u2019agence Erasmus +\u00a0France, qui g\u00e8re le programme dans l\u2019Hexagone.<\/p>\n<p class=\"sc-cPiKLX AiZTS text-element\">Par exemple, sur l\u2019ann\u00e9e scolaire 2016-2017, pr\u00e8s de 17\u00a0% des plus de 17\u00a0000 \u00e9tudiants fran\u00e7ais participant au programme avaient choisi d\u2019\u00e9tudier Outre-Manche, juste derri\u00e8re l\u2019Espagne (17,6\u00a0%), selon une note de <a href=\"https:\/\/agence.erasmusplus.fr\/wp-content\/uploads\/2025\/03\/2708_observatoire_9.pdf\" target=\"_blank\" rel=\"noopener\" title=\"https:\/\/agence.erasmusplus.fr\/wp-content\/uploads\/2025\/03\/2708_observatoire_9.pdf\">l\u2019Observatoire Erasmus +.<\/a><\/p>\n<p>Plus de 100\u00a0000 b\u00e9n\u00e9ficiaires d\u00e8s\u00a02027<\/p>\n<p class=\"sc-cPiKLX AiZTS text-element\">Depuis le Brexit, les jeunes europ\u00e9ens \u00e9tudiant au Royaume-Uni doivent s\u2019acquitter comme les autres \u00e9tudiants internationaux de frais universitaires \u00e9lev\u00e9s, souvent trois fois sup\u00e9rieurs \u00e0 ceux pay\u00e9s par les \u00e9tudiants britanniques. Selon le gouvernement britannique, plus de 100\u00a0000 personnes au Royaume-Uni pourraient b\u00e9n\u00e9ficier du programme d\u00e8s la premi\u00e8re ann\u00e9e.<\/p>\n<p class=\"sc-cPiKLX AiZTS text-element\">Londres a pr\u00e9cis\u00e9 que le programme serait ouvert aux \u00e9tudiants et apprentis, insistant sur l\u2019importance de voir participer un public large, y compris les <a href=\"https:\/\/www.liberation.fr\/france\/2019\/09\/11\/partir-a-l-etranger-pendant-ses-etudes-des-inegalites-marquees_1750668\/\" target=\"_blank\" rel=\"noopener\" title=\"https:\/\/www.liberation.fr\/france\/2019\/09\/11\/partir-a-l-etranger-pendant-ses-etudes-des-inegalites-marquees_1750668\/\">\u00abgroupes d\u00e9favoris\u00e9s\u00bb<\/a>. \u00abLes opportunit\u00e9s offertes par Erasmus +\u00a0comprennent notamment des stages dans des entreprises europ\u00e9ennes de premier plan pour les \u00e9tudiants de l\u2019enseignement sup\u00e9rieur et les apprentis\u00bb, explique le gouvernement.<\/p>\n<p class=\"sc-cPiKLX AiZTS text-element\">La contribution du Royaume-Uni \u00e0 ce programme pour l\u2019ann\u00e9e\u00a02027-2028 s\u2019\u00e9l\u00e8vera \u00e0 environ 570\u00a0millions de livres (648\u00a0millions d\u2019euros). \u00abToute participation \u00e0 Erasmus +\u00a0dans le prochain cadre financier pluriannuel devra faire l\u2019objet d\u2019un accord futur et reposer sur une contribution \u00e9quitable et \u00e9quilibr\u00e9e\u00bb, pr\u00e9vient toutefois le gouvernement britannique.<\/p>\n","protected":false},"excerpt":{"rendered":"Bonne nouvelle pour les \u00e9tudiants europ\u00e9ens d\u00e9sireux de se former dans les tr\u00e8s renomm\u00e9es universit\u00e9s britanniques, ou encore&hellip;\n","protected":false},"author":2,"featured_media":605884,"comment_status":"","ping_status":"","sticky":false,"template":"","format":"standard","meta":{"footnotes":""},"categories":[1588],"tags":[11,4854,8273,1777,674,12,473,1853,1851,364,1850,1852],"class_list":{"0":"post-605883","1":"post","2":"type-post","3":"status-publish","4":"format-standard","5":"has-post-thumbnail","7":"category-royaume-uni","8":"tag-actualites","9":"tag-enseignement-superieur","10":"tag-erasmus","11":"tag-eu","12":"tag-europe","13":"tag-news","14":"tag-royaume-uni","15":"tag-royaume-uni-de-grande-bretagne-et-dirlande-du-nord","16":"tag-uk","17":"tag-union-europeenne","18":"tag-united-kingdom","19":"tag-united-kingdom-of-great-britain-and-northern-ireland"},"share_on_mastodon":{"url":"https:\/\/pubeurope.com\/@fr\/115736547488113931","error":""},"_links":{"self":[{"href":"https:\/\/www.europesays.com\/fr\/wp-json\/wp\/v2\/posts\/605883","targetHints":{"allow":["GET"]}}],"collection":[{"href":"https:\/\/www.europesays.com\/fr\/wp-json\/wp\/v2\/posts"}],"about":[{"href":"https:\/\/www.europesays.com\/fr\/wp-json\/wp\/v2\/types\/post"}],"author":[{"embeddable":true,"href":"https:\/\/www.europesays.com\/fr\/wp-json\/wp\/v2\/users\/2"}],"replies":[{"embeddable":true,"href":"https:\/\/www.europesays.com\/fr\/wp-json\/wp\/v2\/comments?post=605883"}],"version-history":[{"count":0,"href":"https:\/\/www.europesays.com\/fr\/wp-json\/wp\/v2\/posts\/605883\/revisions"}],"wp:featuredmedia":[{"embeddable":true,"href":"https:\/\/www.europesays.com\/fr\/wp-json\/wp\/v2\/media\/605884"}],"wp:attachment":[{"href":"https:\/\/www.europesays.com\/fr\/wp-json\/wp\/v2\/media?parent=605883"}],"wp:term":[{"taxonomy":"category","embeddable":true,"href":"https:\/\/www.europesays.com\/fr\/wp-json\/wp\/v2\/categories?post=605883"},{"taxonomy":"post_tag","embeddable":true,"href":"https:\/\/www.europesays.com\/fr\/wp-json\/wp\/v2\/tags?post=605883"}],"curies":[{"name":"wp","href":"https:\/\/api.w.org\/{rel}","templated":true}]}}