{"id":605887,"date":"2025-12-17T19:26:13","date_gmt":"2025-12-17T19:26:13","guid":{"rendered":"https:\/\/www.europesays.com\/fr\/605887\/"},"modified":"2025-12-17T19:26:13","modified_gmt":"2025-12-17T19:26:13","slug":"leurope-elargit-la-taxe-carbone-aux-frontieres-pour-proteger-son-industrie","status":"publish","type":"post","link":"https:\/\/www.europesays.com\/fr\/605887\/","title":{"rendered":"L\u2019Europe \u00e9largit la taxe carbone aux fronti\u00e8res pour prot\u00e9ger son industrie"},"content":{"rendered":"<p>\n    <strong>D\u00c9CRYPTAGE &#8211; <\/strong>L\u2019industrie europ\u00e9enne aura finalement eu gain de cause, apr\u00e8s presque trois ans de critiques et de dol\u00e9ances sur les insuffisances d\u2019un dispositif dont profite la concurrence.<\/p>\n<p class=\"fig-paragraph\">La Commission europ\u00e9enne a pr\u00e9sent\u00e9 ce mercredi de nouvelles modifications tr\u00e8s attendues au m\u00e9canisme d\u2019ajustement carbone aux fronti\u00e8res (MACF, ou CBAM en anglais), plus commun\u00e9ment appel\u00e9 \u00ab\u00a0<a href=\"http:\/\/www.lefigaro.fr\/societes\/la-taxe-carbone-aux-frontieres-de-l-europe-indispensable-mais-a-reformer-20241210\" data-fig-type=\"Article\" data-gtm-custom-categorie=\"navigation\" data-gtm-custom-action=\"crossclick\" data-gtm-custom-label=\"Contextuel\" data-gtm-event=\"customEventSPE\" data-fig-domain=\"LEFIGARO\" target=\"_blank\" rel=\"noopener\">taxe carbone aux fronti\u00e8res<\/a>\u00a0\u00bb. Propos\u00e9 en 2021 et progressivement mis en \u0153uvre depuis 2023, ce dispositif de l\u2019UE impose aux importateurs de mati\u00e8res premi\u00e8res (acier, ciment, aluminium,\u00a0etc.) de payer un co\u00fbt suppl\u00e9mentaire li\u00e9 aux\u00a0<a href=\"http:\/\/www.lefigaro.fr\/sciences\/climat-la-chine-annonce-enfin-un-plan-de-reduction-de-ses-emissions-de-co2-20250925\" data-fig-type=\"Article\" data-gtm-custom-categorie=\"navigation\" data-gtm-custom-action=\"crossclick\" data-gtm-custom-label=\"Contextuel\" data-gtm-event=\"customEventSPE\" data-fig-domain=\"LEFIGARO\" target=\"_blank\" rel=\"noopener\">\u00e9missions de CO\u2082<\/a>\u00a0de ces biens, afin de les aligner sur le co\u00fbt carbone support\u00e9 par les producteurs europ\u00e9ens soumis \u00e0 certains quotas d\u2019\u00e9missions. Mais sa mise en \u0153uvre a souffert de lacunes, apparues tr\u00e8s t\u00f4t et point\u00e9es du doigt par les industriels europ\u00e9ens, premiers concern\u00e9s par les ambitions de d\u00e9carbonation de Bruxelles.<\/p>\n<p class=\"fig-paragraph\">En th\u00e9orie, le m\u00e9canisme devait neutraliser \u00ab\u00a0l\u2019avantage co\u00fbt\u00a0\u00bb li\u00e9 \u00e0 des normes de production moins exigeantes dans des pays tiers\u00a0: importer une tonne d\u2019acier chinois revenait moins cher que de le fabriquer ou de l\u2019acheter au sein\u2026<\/p>\n<p class=\"fig-premium-paywall__infos\">\n        Cet article est r\u00e9serv\u00e9 aux abonn\u00e9s.        Il vous reste 81% \u00e0 d\u00e9couvrir.\n    <\/p>\n<p>                <img  data- alt=\"Le Figaro\" class=\"fig-img--complete fig-img\"\/><\/p>\n<p class=\"fig-premium-paywall__title\">Vente Flash<\/p>\n<p class=\"fig-premium-paywall__subtitle\">-50% sur l&rsquo;abonnement num\u00e9rique<\/p>\n<p class=\"fig-premium-paywall__connect\">\n                D\u00e9j\u00e0 abonn\u00e9\u00a0?                <a class=\"fig-premium-paywall__connect-link\" href=\"https:\/\/connect.lefigaro.fr\/login?client=horizon_web&amp;type=main&amp;redirect_uri=https%3A%2F%2Fwww.lefigaro.fr%2Fconjoncture%2Fl-europe-elargit-la-taxe-carbone-aux-frontieres-pour-proteger-son-industrie-20251217\" data-js-gtm=\"{&quot;customCategorie&quot;: &quot;conversion&quot;, &quot;customAction&quot;: &quot;before_Landing_Connexion_paywall_auto&quot;, &quot;customLabel&quot;: &quot;bGVmaWdhcm8uZnJfXzFmMGRiNTk3LWMwN2ItNjRhYS04NmIwLTA3N2QwMjhhMGM5N19fQXJ0aWNsZQ==_L\u2019Europe \u00e9largit la taxe carbone aux fronti\u00e8res pour prot\u00e9ger son industrie_239&quot;, &quot;customIDSPE&quot;: &quot;bGVmaWdhcm8uZnJfXzFmMGRiNTk3LWMwN2ItNjRhYS04NmIwLTA3N2QwMjhhMGM5N19fQXJ0aWNsZQ==&quot;, &quot;event&quot;: &quot;customEventSPE&quot;}\" target=\"_blank\" rel=\"noopener\"><br \/>\n                    Connectez-vous<br \/>\n                <\/a>\n            <\/p>\n","protected":false},"excerpt":{"rendered":"D\u00c9CRYPTAGE &#8211; L\u2019industrie europ\u00e9enne aura finalement eu gain de cause, apr\u00e8s presque trois ans de critiques et de&hellip;\n","protected":false},"author":2,"featured_media":605888,"comment_status":"","ping_status":"","sticky":false,"template":"","format":"standard","meta":{"footnotes":""},"categories":[1586],"tags":[11,21947,1777,674,1011,27,693,12,25,364],"class_list":{"0":"post-605887","1":"post","2":"type-post","3":"status-publish","4":"format-standard","5":"has-post-thumbnail","7":"category-europe","8":"tag-actualites","9":"tag-co2","10":"tag-eu","11":"tag-europe","12":"tag-fr","13":"tag-france","14":"tag-industrie","15":"tag-news","16":"tag-republique-francaise","17":"tag-union-europeenne"},"share_on_mastodon":{"url":"https:\/\/pubeurope.com\/@fr\/115736555511991095","error":""},"_links":{"self":[{"href":"https:\/\/www.europesays.com\/fr\/wp-json\/wp\/v2\/posts\/605887","targetHints":{"allow":["GET"]}}],"collection":[{"href":"https:\/\/www.europesays.com\/fr\/wp-json\/wp\/v2\/posts"}],"about":[{"href":"https:\/\/www.europesays.com\/fr\/wp-json\/wp\/v2\/types\/post"}],"author":[{"embeddable":true,"href":"https:\/\/www.europesays.com\/fr\/wp-json\/wp\/v2\/users\/2"}],"replies":[{"embeddable":true,"href":"https:\/\/www.europesays.com\/fr\/wp-json\/wp\/v2\/comments?post=605887"}],"version-history":[{"count":0,"href":"https:\/\/www.europesays.com\/fr\/wp-json\/wp\/v2\/posts\/605887\/revisions"}],"wp:featuredmedia":[{"embeddable":true,"href":"https:\/\/www.europesays.com\/fr\/wp-json\/wp\/v2\/media\/605888"}],"wp:attachment":[{"href":"https:\/\/www.europesays.com\/fr\/wp-json\/wp\/v2\/media?parent=605887"}],"wp:term":[{"taxonomy":"category","embeddable":true,"href":"https:\/\/www.europesays.com\/fr\/wp-json\/wp\/v2\/categories?post=605887"},{"taxonomy":"post_tag","embeddable":true,"href":"https:\/\/www.europesays.com\/fr\/wp-json\/wp\/v2\/tags?post=605887"}],"curies":[{"name":"wp","href":"https:\/\/api.w.org\/{rel}","templated":true}]}}