{"id":605893,"date":"2025-12-17T19:29:12","date_gmt":"2025-12-17T19:29:12","guid":{"rendered":"https:\/\/www.europesays.com\/fr\/605893\/"},"modified":"2025-12-17T19:29:12","modified_gmt":"2025-12-17T19:29:12","slug":"la-femme-retrouvee-sous-les-decombres-sest-suicidee-en-ouvrant-le-gaz","status":"publish","type":"post","link":"https:\/\/www.europesays.com\/fr\/605893\/","title":{"rendered":"La femme retrouv\u00e9e sous les d\u00e9combres s\u2019est suicid\u00e9e en ouvrant le gaz"},"content":{"rendered":"<p>L\u2019explosion mortelle, qui a tu\u00e9 deux enfants en bas \u00e2ge lundi dans l\u2019<a href=\"https:\/\/www.20minutes.fr\/dossier\/ain\" class=\"c-link c-link--is-underlined\" target=\"_blank\" rel=\"noopener\">Ain<\/a>, a \u00e9t\u00e9 caus\u00e9e par le <a href=\"https:\/\/www.20minutes.fr\/dossier\/suicide\" class=\"c-link c-link--is-underlined\" target=\"_blank\" rel=\"noopener\">suicide<\/a> au gaz d\u2019une femme, dont le corps a \u00e9t\u00e9 retrouv\u00e9 dans les d\u00e9combres, a annonc\u00e9 ce mercredi la procureure de Bourg-en-Bresse.<\/p>\n<p>L\u2019enqu\u00eate, men\u00e9e par les gendarmes, a d\u00e9montr\u00e9 \u00ab\u00a0que la femme majeure d\u00e9c\u00e9d\u00e9e, retrouv\u00e9e par les secours [mardi soir], a volontairement mis fin \u00e0 ses jours en ouvrant le gaz dans son domicile\u00a0\u00bb, \u00e9crit Karine Malara dans un communiqu\u00e9. \u00ab\u00a0Il s\u2019agit de l\u2019occupante de l\u2019appartement enti\u00e8rement d\u00e9truit par l\u2019explosion\u00a0\u00bb, pr\u00e9cise la magistrate.<\/p>\n<\/p>\n<p>La forte d\u00e9flagration est survenue lundi soir au rez-de-chauss\u00e9e d\u2019un immeuble d\u2019habitation \u00e0 Tr\u00e9voux, une ville de pr\u00e8s de 7.000 habitants situ\u00e9e \u00e0 une quarantaine de kilom\u00e8tres au nord de <a href=\"https:\/\/www.20minutes.fr\/lyon\/\" class=\"c-link c-link--is-underlined\" target=\"_blank\" rel=\"noopener\">Lyon<\/a>. Le b\u00e2timent ne s\u2019est pas effondr\u00e9 mais a \u00e9t\u00e9 ravag\u00e9.<\/p>\n<p>Les deux fr\u00e8res de 3 et 5 ans, en arr\u00eat cardio-respiratoire, ont rapidement \u00e9t\u00e9 sortis des d\u00e9combres, mais les secours ne sont pas parvenus \u00e0 les ranimer. Les recherches se sont poursuivies jusqu\u2019\u00e0 mardi soir pour retrouver l\u2019habitante qui manquait \u00e0 l\u2019appel.<\/p>\n<p>Une cellule de soutien psychologique<\/p>\n<p>Outre les trois d\u00e9c\u00e8s, 13 personnes ont \u00e9t\u00e9 hospitalis\u00e9es en urgence relative, 53 autres ont \u00e9t\u00e9 prises en charge pour des blessures l\u00e9g\u00e8res ou en cellule psychologique, selon le bilan des secours.<\/p>\n<p>Les familles des d\u00e9funts ont \u00e9t\u00e9 re\u00e7ues par la gendarmerie et une association d\u2019aide aux victimes, mercredi apr\u00e8s-midi. Une cellule de soutien a \u00e9t\u00e9 mise en place par la pr\u00e9fecture de l\u2019Ain, le parquet et la mairie, pour apporter \u00ab\u00a0une aide notamment psychologique, juridique ou mat\u00e9rielle\u00a0\u00bb \u00e0 toutes les victimes, pr\u00e9cise la procureur.<\/p>\n","protected":false},"excerpt":{"rendered":"L\u2019explosion mortelle, qui a tu\u00e9 deux enfants en bas \u00e2ge lundi dans l\u2019Ain, a \u00e9t\u00e9 caus\u00e9e par le&hellip;\n","protected":false},"author":2,"featured_media":605894,"comment_status":"","ping_status":"","sticky":false,"template":"","format":"standard","meta":{"footnotes":""},"categories":[2],"tags":[47,11,2738,2430,1067,2688,118,1011,27,2428,12,25,2429,2431,5748],"class_list":{"0":"post-605893","1":"post","2":"type-post","3":"status-publish","4":"format-standard","5":"has-post-thumbnail","7":"category-actualites","8":"tag-actualite","9":"tag-actualites","10":"tag-ain","11":"tag-auvergne-rhone-alpes","12":"tag-enquete","13":"tag-explosion","14":"tag-faits-divers","15":"tag-fr","16":"tag-france","17":"tag-lyon","18":"tag-news","19":"tag-republique-francaise","20":"tag-rhone","21":"tag-rhone-alpes","22":"tag-suicide"},"share_on_mastodon":{"url":"https:\/\/pubeurope.com\/@fr\/115736567109590355","error":""},"_links":{"self":[{"href":"https:\/\/www.europesays.com\/fr\/wp-json\/wp\/v2\/posts\/605893","targetHints":{"allow":["GET"]}}],"collection":[{"href":"https:\/\/www.europesays.com\/fr\/wp-json\/wp\/v2\/posts"}],"about":[{"href":"https:\/\/www.europesays.com\/fr\/wp-json\/wp\/v2\/types\/post"}],"author":[{"embeddable":true,"href":"https:\/\/www.europesays.com\/fr\/wp-json\/wp\/v2\/users\/2"}],"replies":[{"embeddable":true,"href":"https:\/\/www.europesays.com\/fr\/wp-json\/wp\/v2\/comments?post=605893"}],"version-history":[{"count":0,"href":"https:\/\/www.europesays.com\/fr\/wp-json\/wp\/v2\/posts\/605893\/revisions"}],"wp:featuredmedia":[{"embeddable":true,"href":"https:\/\/www.europesays.com\/fr\/wp-json\/wp\/v2\/media\/605894"}],"wp:attachment":[{"href":"https:\/\/www.europesays.com\/fr\/wp-json\/wp\/v2\/media?parent=605893"}],"wp:term":[{"taxonomy":"category","embeddable":true,"href":"https:\/\/www.europesays.com\/fr\/wp-json\/wp\/v2\/categories?post=605893"},{"taxonomy":"post_tag","embeddable":true,"href":"https:\/\/www.europesays.com\/fr\/wp-json\/wp\/v2\/tags?post=605893"}],"curies":[{"name":"wp","href":"https:\/\/api.w.org\/{rel}","templated":true}]}}