{"id":605897,"date":"2025-12-17T19:33:12","date_gmt":"2025-12-17T19:33:12","guid":{"rendered":"https:\/\/www.europesays.com\/fr\/605897\/"},"modified":"2025-12-17T19:33:12","modified_gmt":"2025-12-17T19:33:12","slug":"le-gfca-sanctionne-de-trois-points-par-la-dnacg","status":"publish","type":"post","link":"https:\/\/www.europesays.com\/fr\/605897\/","title":{"rendered":"le GFCA sanctionn\u00e9 de trois points par la DNACG"},"content":{"rendered":"<p>Dans le viseur du gendarme financier depuis son retour au sein de l&rsquo;\u00e9lite, le club ajaccien restait sous la menace d&rsquo;un point de p\u00e9nalit\u00e9, suite \u00e0 un dernier examen qui l&rsquo;avait d\u00e9j\u00e0 fortement p\u00e9nalis\u00e9 par rapport \u00e0 une masse salariale encadr\u00e9e bien en de\u00e7\u00e0 de ce qu&rsquo;il esp\u00e9rait, l&rsquo;obligeant \u00e0 se s\u00e9parer d&rsquo;un joueur juste avant le d\u00e9but de saison. N&rsquo;ayant pas fait appel de cette d\u00e9cision, il esp\u00e9rait que son passage de fin d&rsquo;ann\u00e9e lui vaudrait un retour \u00e0 une situation plus apais\u00e9e avec un organisme, dont les exigences paraissent de plus en plus disproportionn\u00e9es avec la r\u00e9alit\u00e9 d&rsquo;un contexte \u00e9conomique o\u00f9, faire vivre un club de volley au haut niveau rel\u00e8ve du miracle depuis la baisse drastique des subventions publiques. Consid\u00e9rant que la consommation d&rsquo;une grosse partie des fonds propres n&rsquo;est plus acceptable et qu&rsquo;il convient par cons\u00e9quent d&rsquo;en assurer le renforcement avec la mise en place d&rsquo;un fonds de r\u00e9serve, la DNACG juge par cons\u00e9quent n\u00e9cessaire de respecter un tableau de marche, dans le cadre d&rsquo;une rigueur budg\u00e9taire qu&rsquo;elle pr\u00e9conise avec fermet\u00e9.<\/p>\n<p>C&rsquo;est motiv\u00e9e par cet unique grief, qu&rsquo;elle a par cons\u00e9quent d\u00e9cid\u00e9 de faire un \u00a0\u00bb exemple \u00a0\u00bb en tapant au passage sur le plus petit budget de la MSL en lui infligeant une amende de 9\u00a0000\u00a0\u20ac et comme si cela ne suffisait pas, en le p\u00e9nalisant fortement sur le plan sportif d&rsquo;un retrait non plus d&rsquo;un mais de trois points.\u00a0\u00bb Nous sommes abasourdis. Si, on voulait nous faire dispara\u00eetre on ne s&rsquo;y prendrait pas autrement. Nos efforts ne sont pas pris en compte et nous n&rsquo;avons ni dettes ni le moindre retard dans le versement des salaires. J&rsquo;ai par contre la conviction, qu&rsquo;on nous juge trop faibles \u00e9conomiquement pour faire partie des quatorze meilleurs clubs fran\u00e7ais. C&rsquo;est ubuesque et nous ferons bien \u00e9videmment appel devant le conseil sup\u00e9rieur \u00a0\u00bb\u00a0indiquait le club par le biais de son tr\u00e9sorier Sylvestre Sammarcelli, apr\u00e8s avoir averti les joueurs en pleine pr\u00e9paration du match samedi, face \u00e0 Poitiers.<\/p>\n","protected":false},"excerpt":{"rendered":"Dans le viseur du gendarme financier depuis son retour au sein de l&rsquo;\u00e9lite, le club ajaccien restait sous&hellip;\n","protected":false},"author":2,"featured_media":605898,"comment_status":"","ping_status":"","sticky":false,"template":"","format":"standard","meta":{"footnotes":""},"categories":[1417],"tags":[17,1011,27,6392,62950,5912,1460,41197,60,1100,1470,1469],"class_list":{"0":"post-605897","1":"post","2":"type-post","3":"status-publish","4":"format-standard","5":"has-post-thumbnail","7":"category-volley","8":"tag-17","9":"tag-fr","10":"tag-france","11":"tag-gfca","12":"tag-msl","13":"tag-par","14":"tag-points","15":"tag-sanctionne","16":"tag-sports","17":"tag-trois","18":"tag-volley","19":"tag-volleyball"},"share_on_mastodon":{"url":"https:\/\/pubeurope.com\/@fr\/115736582900581411","error":""},"_links":{"self":[{"href":"https:\/\/www.europesays.com\/fr\/wp-json\/wp\/v2\/posts\/605897","targetHints":{"allow":["GET"]}}],"collection":[{"href":"https:\/\/www.europesays.com\/fr\/wp-json\/wp\/v2\/posts"}],"about":[{"href":"https:\/\/www.europesays.com\/fr\/wp-json\/wp\/v2\/types\/post"}],"author":[{"embeddable":true,"href":"https:\/\/www.europesays.com\/fr\/wp-json\/wp\/v2\/users\/2"}],"replies":[{"embeddable":true,"href":"https:\/\/www.europesays.com\/fr\/wp-json\/wp\/v2\/comments?post=605897"}],"version-history":[{"count":0,"href":"https:\/\/www.europesays.com\/fr\/wp-json\/wp\/v2\/posts\/605897\/revisions"}],"wp:featuredmedia":[{"embeddable":true,"href":"https:\/\/www.europesays.com\/fr\/wp-json\/wp\/v2\/media\/605898"}],"wp:attachment":[{"href":"https:\/\/www.europesays.com\/fr\/wp-json\/wp\/v2\/media?parent=605897"}],"wp:term":[{"taxonomy":"category","embeddable":true,"href":"https:\/\/www.europesays.com\/fr\/wp-json\/wp\/v2\/categories?post=605897"},{"taxonomy":"post_tag","embeddable":true,"href":"https:\/\/www.europesays.com\/fr\/wp-json\/wp\/v2\/tags?post=605897"}],"curies":[{"name":"wp","href":"https:\/\/api.w.org\/{rel}","templated":true}]}}