{"id":605907,"date":"2025-12-17T19:42:13","date_gmt":"2025-12-17T19:42:13","guid":{"rendered":"https:\/\/www.europesays.com\/fr\/605907\/"},"modified":"2025-12-17T19:42:13","modified_gmt":"2025-12-17T19:42:13","slug":"rapport-van-cleef-arpels-galerie-dapollon-securite-ce-quil-faut-retenir-de-la-seconde-audition-au-senat-de-laurence-des-cars-la-presidente-du-louvre","status":"publish","type":"post","link":"https:\/\/www.europesays.com\/fr\/605907\/","title":{"rendered":"Rapport Van Cleef &#038; Arpels, galerie d&rsquo;Apollon, s\u00e9curit\u00e9&#8230; Ce qu&rsquo;il faut retenir de la seconde audition au S\u00e9nat de Laurence des Cars, la pr\u00e9sidente du Louvre"},"content":{"rendered":"<p>Le s\u00e9nateur LR Max Brisson reproche \u00e0 Laurence des Cars \u00ab\u00a0des choix politiques\u00a0\u00bb et lui demande de repr\u00e9senter sa d\u00e9mission<\/p>\n<p data-olk-copy-source=\"MessageBody\">\u00ab\u00a0Comment avez-vous pu laisser le plus grand mus\u00e9e du monde, l\u2019un des plus aim\u00e9s du public, notre joyau, dans un tel \u00e9tat de vuln\u00e9rabilit\u00e9\u00a0?\u00a0\u00bb, s\u2019est agac\u00e9 le s\u00e9nateur LR Max Brisson. Le s\u00e9nateur, d\u00e9j\u00e0 l\u2019auteur dans les colonnes du Figaro d\u2019une tribune appelant \u00e0 la d\u00e9mission de Laurence des Cars, a renouvel\u00e9 cet appel devant la pr\u00e9sidente-directrice. \u00ab\u00a0N\u2019est-il pas temps de confirmer votre intuition premi\u00e8re et d\u2019imposer, cette fois, votre d\u00e9part\u00a0?\u00a0\u00bb, a-t-il l\u00e2ch\u00e9. Pour m\u00e9moire\u00a0: Laurence des Cars a pr\u00e9sent\u00e9 sa d\u00e9mission dans la foul\u00e9e du cambriolage, d\u00e9mission finalement refus\u00e9e par le minist\u00e8re de la Culture.<\/p>\n<p>\u00ab\u00a0Vous empilez des justifications qui ne font nullement une explication\u00a0\u00bb, a regrett\u00e9 l\u2019\u00e9lu, \u00e9pinglant le bilan de Laurence des Cars. \u00ab\u00a0Cette maison a connu une avalanche de rapports aux recommandations oubli\u00e9es, diff\u00e9r\u00e9es, repouss\u00e9es, En\u00a02015 et\u00a02017, deux rapports d\u2019audit confidentiels pointaient d\u00e9j\u00e0 l\u2019ensemble des dysfonctionnements. En 2022, 2023 et 2024, trois rapports ont soulign\u00e9 le retard pris dans la mise en \u0153uvre du sch\u00e9ma directeur de s\u00e9curit\u00e9. Depuis dix ans donc, les rapports s\u2019accumulent\u00a0\u00bb, a-t-il \u00e9num\u00e9r\u00e9.<\/p>\n<p>\u00ab\u00a0Vous nous aviez dit avoir pleinement conscience de cette vuln\u00e9rabilit\u00e9, pourtant, sous votre pr\u00e9sidence, les moyens budg\u00e9taires consacr\u00e9s \u00e0 la s\u00e9curit\u00e9 n\u2019ont jamais \u00e9t\u00e9 \u00e0 la hauteur\u00a0\u00bb, a encore \u00e9pingl\u00e9 Max Brisson. \u00ab\u00a0Sous votre pr\u00e9sidence, l\u2019organigramme officiel, r\u00e9v\u00e9lateur des priorit\u00e9s d\u2019une direction, n\u2019a jamais plac\u00e9 la s\u00e9curit\u00e9 au c\u0153ur de l\u2019institution. En d\u2019autres termes\u00a0: vous avez fait des choix politiques, c\u2019\u00e9tait l\u00e0 votre droit mais quand ils entra\u00eenent des cons\u00e9quences, vous devez en assumer seule les responsabilit\u00e9s, c\u2019est l\u00e0 votre devoir.\u00a0\u00bb<\/p>\n<p>D\u2019autres \u00e9lus LR, comme le s\u00e9nateur du Doubs Jacques Grosperrin et la s\u00e9natrice de Paris Agn\u00e8s Evren ont \u00e9galement pris la parole au cours de cette audition pour r\u00e9clamer la d\u00e9mission de Laurence des Cars.<\/p>\n","protected":false},"excerpt":{"rendered":"Le s\u00e9nateur LR Max Brisson reproche \u00e0 Laurence des Cars \u00ab\u00a0des choix politiques\u00a0\u00bb et lui demande de repr\u00e9senter&hellip;\n","protected":false},"author":2,"featured_media":605908,"comment_status":"","ping_status":"","sticky":false,"template":"","format":"standard","meta":{"footnotes":""},"categories":[1358],"tags":[1348,1384,1385,1386,58,59,1011,27],"class_list":{"0":"post-605907","1":"post","2":"type-post","3":"status-publish","4":"format-standard","5":"has-post-thumbnail","7":"category-arts-et-design","8":"tag-arts","9":"tag-arts-and-design","10":"tag-arts-et-design","11":"tag-design","12":"tag-divertissement","13":"tag-entertainment","14":"tag-fr","15":"tag-france"},"share_on_mastodon":{"url":"https:\/\/pubeurope.com\/@fr\/115736618127463519","error":""},"_links":{"self":[{"href":"https:\/\/www.europesays.com\/fr\/wp-json\/wp\/v2\/posts\/605907","targetHints":{"allow":["GET"]}}],"collection":[{"href":"https:\/\/www.europesays.com\/fr\/wp-json\/wp\/v2\/posts"}],"about":[{"href":"https:\/\/www.europesays.com\/fr\/wp-json\/wp\/v2\/types\/post"}],"author":[{"embeddable":true,"href":"https:\/\/www.europesays.com\/fr\/wp-json\/wp\/v2\/users\/2"}],"replies":[{"embeddable":true,"href":"https:\/\/www.europesays.com\/fr\/wp-json\/wp\/v2\/comments?post=605907"}],"version-history":[{"count":0,"href":"https:\/\/www.europesays.com\/fr\/wp-json\/wp\/v2\/posts\/605907\/revisions"}],"wp:featuredmedia":[{"embeddable":true,"href":"https:\/\/www.europesays.com\/fr\/wp-json\/wp\/v2\/media\/605908"}],"wp:attachment":[{"href":"https:\/\/www.europesays.com\/fr\/wp-json\/wp\/v2\/media?parent=605907"}],"wp:term":[{"taxonomy":"category","embeddable":true,"href":"https:\/\/www.europesays.com\/fr\/wp-json\/wp\/v2\/categories?post=605907"},{"taxonomy":"post_tag","embeddable":true,"href":"https:\/\/www.europesays.com\/fr\/wp-json\/wp\/v2\/tags?post=605907"}],"curies":[{"name":"wp","href":"https:\/\/api.w.org\/{rel}","templated":true}]}}