{"id":605913,"date":"2025-12-17T19:46:12","date_gmt":"2025-12-17T19:46:12","guid":{"rendered":"https:\/\/www.europesays.com\/fr\/605913\/"},"modified":"2025-12-17T19:46:12","modified_gmt":"2025-12-17T19:46:12","slug":"avatar-3-les-premiers-spectateurs-impressionnes-par-cette-claque-visuelle","status":"publish","type":"post","link":"https:\/\/www.europesays.com\/fr\/605913\/","title":{"rendered":"\u00ab\u00a0Avatar 3\u00a0\u00bb\u00a0: les premiers spectateurs impressionn\u00e9s par cette \u00ab\u00a0claque visuelle\u00a0\u00bb"},"content":{"rendered":"<p class=\"\">\u00ab Dans les salles UGC, on a 12 % de r\u00e9servations de plus pour la semaine \u00e0 venir que lors de la sortie du deuxi\u00e8me opus d\u2019Avatar, souligne Samuel Loiseau, le directeur g\u00e9n\u00e9ral d\u2019UGC, pr\u00e9sent aux Halles ce mercredi. Et ce matin, 100 000 billets avaient d\u00e9j\u00e0 \u00e9t\u00e9 r\u00e9serv\u00e9s pour Avatar : De feu et de cendres dans l\u2019ensemble des salles en France. \u00bb Dans le hall de l\u2019UGC des Halles, quelques professionnels de l\u2019industrie du cin\u00e9ma r\u00e9unis d\u00e8s 8 heures attendent impatiemment les avis des premiers spectateurs\u2026 qui sortent enfin de la salle \u00e0 11h30.<\/p>\n","protected":false},"excerpt":{"rendered":"\u00ab Dans les salles UGC, on a 12 % de r\u00e9servations de plus pour la semaine \u00e0 venir&hellip;\n","protected":false},"author":2,"featured_media":605914,"comment_status":"","ping_status":"","sticky":false,"template":"","format":"standard","meta":{"footnotes":""},"categories":[1354],"tags":[650,872,58,59,1346,1011,27,1360],"class_list":{"0":"post-605913","1":"post","2":"type-post","3":"status-publish","4":"format-standard","5":"has-post-thumbnail","7":"category-films","8":"tag-cinema","9":"tag-culture-et-loisirs","10":"tag-divertissement","11":"tag-entertainment","12":"tag-films","13":"tag-fr","14":"tag-france","15":"tag-movies"},"share_on_mastodon":{"url":"https:\/\/pubeurope.com\/@fr\/115736634156777355","error":""},"_links":{"self":[{"href":"https:\/\/www.europesays.com\/fr\/wp-json\/wp\/v2\/posts\/605913","targetHints":{"allow":["GET"]}}],"collection":[{"href":"https:\/\/www.europesays.com\/fr\/wp-json\/wp\/v2\/posts"}],"about":[{"href":"https:\/\/www.europesays.com\/fr\/wp-json\/wp\/v2\/types\/post"}],"author":[{"embeddable":true,"href":"https:\/\/www.europesays.com\/fr\/wp-json\/wp\/v2\/users\/2"}],"replies":[{"embeddable":true,"href":"https:\/\/www.europesays.com\/fr\/wp-json\/wp\/v2\/comments?post=605913"}],"version-history":[{"count":0,"href":"https:\/\/www.europesays.com\/fr\/wp-json\/wp\/v2\/posts\/605913\/revisions"}],"wp:featuredmedia":[{"embeddable":true,"href":"https:\/\/www.europesays.com\/fr\/wp-json\/wp\/v2\/media\/605914"}],"wp:attachment":[{"href":"https:\/\/www.europesays.com\/fr\/wp-json\/wp\/v2\/media?parent=605913"}],"wp:term":[{"taxonomy":"category","embeddable":true,"href":"https:\/\/www.europesays.com\/fr\/wp-json\/wp\/v2\/categories?post=605913"},{"taxonomy":"post_tag","embeddable":true,"href":"https:\/\/www.europesays.com\/fr\/wp-json\/wp\/v2\/tags?post=605913"}],"curies":[{"name":"wp","href":"https:\/\/api.w.org\/{rel}","templated":true}]}}