{"id":605923,"date":"2025-12-17T19:51:15","date_gmt":"2025-12-17T19:51:15","guid":{"rendered":"https:\/\/www.europesays.com\/fr\/605923\/"},"modified":"2025-12-17T19:51:15","modified_gmt":"2025-12-17T19:51:15","slug":"le-gouvernement-lance-une-mission-pour-lelectrification-de-lindustrie","status":"publish","type":"post","link":"https:\/\/www.europesays.com\/fr\/605923\/","title":{"rendered":"Le gouvernement lance une mission pour l\u2019\u00e9lectrification de l\u2019industrie"},"content":{"rendered":"<p>\n    <strong>INFO LE FIGARO &#8211;<\/strong> Le ministre de l\u2019\u00c9conomie charge Rapha\u00ebl Schellenberger, d\u00e9put\u00e9 non inscrit du Haut-Rhin, d\u2019une mission de six mois visant \u00e0 identifier les freins aux investissements des industriels dans l\u2019\u00e9lectrification.<\/p>\n<p class=\"fig-paragraph\">La France dispose d\u2019un atout majeur dans le paysage \u00e9nerg\u00e9tique europ\u00e9en\u00a0: une<a href=\"http:\/\/www.lefigaro.fr\/conjoncture\/la-france-produit-toujours-plus-d-electricite-decarbonee-20250120\" data-fig-type=\"NewsFlash\" data-gtm-custom-categorie=\"navigation\" data-gtm-custom-action=\"crossclick\" data-gtm-custom-label=\"Contextuel\" data-gtm-event=\"customEventSPE\" data-fig-domain=\"LEFIGARO\" target=\"_blank\" rel=\"noopener\">\u00a0\u00e9lectricit\u00e9 d\u00e9carbon\u00e9e \u00e0 95%<\/a>, abondante et\u00a0<a href=\"http:\/\/www.lefigaro.fr\/societes\/pourquoi-l-electricite-n-est-pas-gratuite-meme-quand-les-prix-sont-negatifs-20251211\" data-fig-type=\"Article\" data-gtm-custom-categorie=\"navigation\" data-gtm-custom-action=\"crossclick\" data-gtm-custom-label=\"Contextuel\" data-gtm-event=\"customEventSPE\" data-fig-domain=\"LEFIGARO\" target=\"_blank\" rel=\"noopener\">moins ch\u00e8re<\/a>\u00a0que chez ses grands voisins. Pourtant, ses industriels n\u2019en profitent pas, ou du moins pas assez. Le gouvernement fait de l<a href=\"http:\/\/www.lefigaro.fr\/conjoncture\/a-dunkerque-l-electrification-de-l-industrie-prend-forme-20240916\" data-fig-type=\"Article\" data-gtm-custom-categorie=\"navigation\" data-gtm-custom-action=\"crossclick\" data-gtm-custom-label=\"Contextuel\" data-gtm-event=\"customEventSPE\" data-fig-domain=\"LEFIGARO\" target=\"_blank\" rel=\"noopener\">\u2019\u00e9lectrification des industries<\/a>\u00a0un de ses chevaux de bataille. Il veut encourager les entreprises \u00e0 utiliser plus d\u2019\u00e9lectricit\u00e9 et moins de gaz dans leur processus de fabrication.<\/p>\n<p class=\"fig-paragraph\">Pour comprendre pourquoi la mayonnaise ne prend pas,\u00a0<a href=\"http:\/\/www.lefigaro.fr\/flash-eco\/le-decret-sur-la-programmation-energetique-de-la-france-priorite-du-premier-ministre-assure-roland-lescure-20251105\" data-fig-type=\"NewsFlash\" data-gtm-custom-categorie=\"navigation\" data-gtm-custom-action=\"crossclick\" data-gtm-custom-label=\"Contextuel\" data-gtm-event=\"customEventSPE\" data-fig-domain=\"LEFIGARO\" target=\"_blank\" rel=\"noopener\">Roland Lescur<\/a>e, ministre de l\u2019\u00c9conomie et de la Souverainet\u00e9 \u00e9nerg\u00e9tique a d\u00e9cid\u00e9 de confier une mission parlementaire de six mois \u00e0\u00a0<a href=\"http:\/\/www.lefigaro.fr\/societes\/programmation-pluriannuelle-de-l-energie-il-y-a-urgence-a-agir-alerte-le-depute-raphael-schellenberger-20250418\" data-fig-type=\"NewsFlash\" data-gtm-custom-categorie=\"navigation\" data-gtm-custom-action=\"crossclick\" data-gtm-custom-label=\"Contextuel\" data-gtm-event=\"customEventSPE\" data-fig-domain=\"LEFIGARO\" target=\"_blank\" rel=\"noopener\">Rapha\u00ebl Schellenberger<\/a>. Le d\u00e9put\u00e9, non inscrit, du Haut-Rhin, c\u2019est notamment fait conna\u00eetre pour avoir pr\u00e9sid\u00e9 la\u00a0<a href=\"http:\/\/www.lefigaro.fr\/societes\/nucleaire-trente-ans-de-divagation-politique-20230406\" data-fig-type=\"Article\" data-gtm-custom-categorie=\"navigation\" data-gtm-custom-action=\"crossclick\" data-gtm-custom-label=\"Contextuel\" data-gtm-event=\"customEventSPE\" data-fig-domain=\"LEFIGARO\" target=\"_blank\" rel=\"noopener\">Commission d\u2019enqu\u00eate<\/a>\u00a0visant \u00e0 \u00e9tablir les raisons de la perte de souverainet\u00e9 et d\u2019ind\u00e9pendance \u00e9nerg\u00e9tique de la France. Cette fois, il aura \u00e0 charge d\u2019identifier les freins \u00e0 l\u2019\u00e9lectrification, qu\u2019ils soient li\u00e9s \u00e0 des contraintes r\u00e9glementaires dues au droit de l\u2019urbanisme ou de l\u2019environnement, \u00e0 des difficult\u00e9s pour acc\u00e9der \u00e0 des financements ou encore, \u00e0 un raccordement \u00e9lectrique.<\/p>\n<p>                                            <a class=\"fig-a11y-skip\" href=\"#fig-a11y-skip-main-inarticle\" data-module=\"a11y-skip\" data-context=\"was @visible\"><br \/>\n    Passer la publicit\u00e9<br \/>\n<\/a>            <\/p>\n<p class=\"fig-paragraph\">Cette mission, qui doit commencer le 1er janvier, se d\u00e9roulera en deux temps. Le premier portera sur un diagnostic des blocages. Alors que le gestionnaire du r\u00e9seau de transport d\u2019\u00e9lectricit\u00e9 (<a href=\"https:\/\/lefigaro.fr\/tag\/RTE\" target=\"_blank\" rel=\"sponsored noopener\" data-gtm-custom-categorie=\"navigation\" data-gtm-custom-action=\"crossclick\" data-gtm-custom-label=\"Contextuel\" data-gtm-event=\"customEventSPE\">RTE<\/a>) a d\u00e9nombr\u00e9 50 projets industriels susceptibles de s\u2019\u00e9lectrifier, la mission devra identifier les freins. Dans un deuxi\u00e8me temps, Rapha\u00ebl Schellenberger pourra proposer des pistes d\u2019\u00e9volutions l\u00e9gislatives ou r\u00e9glementaires.\u00a0Le sujet est aussi fondamental pour\u00a0<a href=\"https:\/\/lefigaro.fr\/tag\/EDF\" target=\"_blank\" rel=\"sponsored noopener\" data-gtm-custom-categorie=\"navigation\" data-gtm-custom-action=\"crossclick\" data-gtm-custom-label=\"Contextuel\" data-gtm-event=\"customEventSPE\">EDF\u00a0<\/a>qui cherche \u00e0 conqu\u00e9rir de nouveaux clients pour soutenir la demande d\u2019\u00e9lectricit\u00e9, d\u00e9sesp\u00e9r\u00e9ment atone en France. Alors qu\u2019elle est en croissance dans de nombreux pays.<\/p>\n","protected":false},"excerpt":{"rendered":"INFO LE FIGARO &#8211; Le ministre de l\u2019\u00c9conomie charge Rapha\u00ebl Schellenberger, d\u00e9put\u00e9 non inscrit du Haut-Rhin, d\u2019une mission&hellip;\n","protected":false},"author":2,"featured_media":605924,"comment_status":"","ping_status":"","sticky":false,"template":"","format":"standard","meta":{"footnotes":""},"categories":[6],"tags":[35,33,34,579,1011,27],"class_list":{"0":"post-605923","1":"post","2":"type-post","3":"status-publish","4":"format-standard","5":"has-post-thumbnail","7":"category-economie","8":"tag-business","9":"tag-economie","10":"tag-economy","11":"tag-electricite","12":"tag-fr","13":"tag-france"},"share_on_mastodon":{"url":"https:\/\/pubeurope.com\/@fr\/115736653599106895","error":""},"_links":{"self":[{"href":"https:\/\/www.europesays.com\/fr\/wp-json\/wp\/v2\/posts\/605923","targetHints":{"allow":["GET"]}}],"collection":[{"href":"https:\/\/www.europesays.com\/fr\/wp-json\/wp\/v2\/posts"}],"about":[{"href":"https:\/\/www.europesays.com\/fr\/wp-json\/wp\/v2\/types\/post"}],"author":[{"embeddable":true,"href":"https:\/\/www.europesays.com\/fr\/wp-json\/wp\/v2\/users\/2"}],"replies":[{"embeddable":true,"href":"https:\/\/www.europesays.com\/fr\/wp-json\/wp\/v2\/comments?post=605923"}],"version-history":[{"count":0,"href":"https:\/\/www.europesays.com\/fr\/wp-json\/wp\/v2\/posts\/605923\/revisions"}],"wp:featuredmedia":[{"embeddable":true,"href":"https:\/\/www.europesays.com\/fr\/wp-json\/wp\/v2\/media\/605924"}],"wp:attachment":[{"href":"https:\/\/www.europesays.com\/fr\/wp-json\/wp\/v2\/media?parent=605923"}],"wp:term":[{"taxonomy":"category","embeddable":true,"href":"https:\/\/www.europesays.com\/fr\/wp-json\/wp\/v2\/categories?post=605923"},{"taxonomy":"post_tag","embeddable":true,"href":"https:\/\/www.europesays.com\/fr\/wp-json\/wp\/v2\/tags?post=605923"}],"curies":[{"name":"wp","href":"https:\/\/api.w.org\/{rel}","templated":true}]}}