{"id":605925,"date":"2025-12-17T19:52:12","date_gmt":"2025-12-17T19:52:12","guid":{"rendered":"https:\/\/www.europesays.com\/fr\/605925\/"},"modified":"2025-12-17T19:52:12","modified_gmt":"2025-12-17T19:52:12","slug":"la-russie-se-prepare-a-une-nouvelle-annee-de-guerre-estime-volodymyr-zelensky","status":"publish","type":"post","link":"https:\/\/www.europesays.com\/fr\/605925\/","title":{"rendered":"la Russie se pr\u00e9pare \u00e0 une nouvelle \u00ab\u00a0ann\u00e9e de guerre\u00a0\u00bb, estime Volodymyr Zelensky"},"content":{"rendered":"<p>   L\u2019Allemagne vote un budget record de 83\u00a0milliards d\u2019euros pour renforcer la Bundeswehr face \u00e0 la menace russe             <\/p>\n<p class=\"post__live-container--answer-text post__space-node\">Les d\u00e9put\u00e9s allemands ont approuv\u00e9 mercredi une nouvelle enveloppe de pr\u00e8s de 50\u00a0milliards d\u2019euros pour \u00e9quiper l\u2019arm\u00e9e allemande qui en a un besoin urgent face \u00e0 la menace russe, selon le minist\u00e8re de la d\u00e9fense.<\/p>\n<p class=\"post__live-container--answer-text post__space-node\">Ce volant de d\u00e9penses approuv\u00e9 par la commission de la d\u00e9fense de la chambre basse du Parlement porte les projets d\u2019armement de la Bundeswehr en\u00a02025 \u00e0 pr\u00e8s de 83\u00a0milliards d\u2019euros, un niveau historique selon le minist\u00e8re qui y voit \u00ab\u00a0un signal fort\u00a0\u00bb \u00e0 l\u2019OTAN et \u00e0 ses partenaires.<\/p>\n<p class=\"post__live-container--answer-text post__space-node\">\u00ab\u00a0L\u2019Allemagne va de l\u2019avant. Nous remplissons nos obligations au sein de l\u2019Alliance de mani\u00e8re fiable et assumons notre responsabilit\u00e9 en mati\u00e8re de s\u00e9curit\u00e9 et de paix en Europe\u00a0\u00bb, ajoute le minist\u00e8re.<\/p>\n<p class=\"post__live-container--answer-text post__space-node\">Avec cette enveloppe, le budget de grands projets d\u2019armement de la Bundeswehr a atteint de nouveau un niveau record, et ce, pour la troisi\u00e8me ann\u00e9e d\u2019affil\u00e9e.<\/p>\n<p class=\"post__live-container--answer-text post__space-node\">Les investissements dans l\u2019arm\u00e9e servent \u00ab\u00a0un objectif clair, \u00e0 savoir la s\u00e9curit\u00e9 effective de notre pays et le r\u00e9tablissement complet de notre capacit\u00e9 de dissuasion et de d\u00e9fense\u00a0\u00bb, a d\u00e9clar\u00e9 le ministre de la d\u00e9fense allemand, Boris Pistorius, apr\u00e8s la r\u00e9union de la commission de la d\u00e9fense.<\/p>\n<p class=\"post__live-container--answer-text post__space-node\">Les projets d\u2019acquisition adopt\u00e9s concernent aussi bien l\u2019arm\u00e9e de terre, de l\u2019air, la marine ainsi que l\u2019espace et le cyberespace. Ils vont des uniformes des soldats aux munitions en passant par des v\u00e9hicules de reconnaissance et de combat, d\u00e9taille un <a href=\"https:\/\/www.bmvg.de\/de\/presse\/drittes-jahr-in-folge-rekordwert-25-mio-euro-vorlagen-6053294\" target=\"_blank\" rel=\"noopener\" title=\"Nouvelle fen\u00eatre\">communiqu\u00e9<\/a>.<\/p>\n<p class=\"post__live-container--answer-text post__space-node\">L\u2019arm\u00e9e va notamment commander des syst\u00e8mes de d\u00e9fense a\u00e9rienne Patriot, de fabrication am\u00e9ricaine, et Iris-T, de fabrication europ\u00e9enne, ainsi que des blind\u00e9s de combat d\u2019infanterie Puma.<\/p>\n<p class=\"post__live-container--answer-text post__space-node\">Premier soutien de l\u2019Ukraine en Europe, l\u2019Allemagne a amorc\u00e9 apr\u00e8s l\u2019invasion du pays par la Russie en f\u00e9vrier\u00a02022 un tournant historique de sa politique de d\u00e9fense.<\/p>\n<p class=\"post__live-container--answer-text post__space-node\">Face aux inqui\u00e9tudes croissantes concernant le d\u00e9sengagement am\u00e9ricain en Europe, le chancelier Friedrich Merz, qui a pris ses fonctions en mai, a d\u00e9cid\u00e9 d\u2019exempter les d\u00e9penses de d\u00e9fense des r\u00e8gles strictes en mati\u00e8re d\u2019endettement afin d\u2019acc\u00e9l\u00e9rer le renforcement des capacit\u00e9s militaires allemandes. Le dirigeant conservateur a promis de b\u00e2tir l\u2019arm\u00e9e conventionnelle la \u00ab\u00a0plus puissante d\u2019Europe\u00a0\u00bb pour contrer la menace russe.<\/p>\n","protected":false},"excerpt":{"rendered":"L\u2019Allemagne vote un budget record de 83\u00a0milliards d\u2019euros pour renforcer la Bundeswehr face \u00e0 la menace russe Les&hellip;\n","protected":false},"author":2,"featured_media":605926,"comment_status":"","ping_status":"","sticky":false,"template":"","format":"standard","meta":{"footnotes":""},"categories":[5],"tags":[11,1011,27,14,12,28],"class_list":{"0":"post-605925","1":"post","2":"type-post","3":"status-publish","4":"format-standard","5":"has-post-thumbnail","7":"category-international","8":"tag-actualites","9":"tag-fr","10":"tag-france","11":"tag-international","12":"tag-news","13":"tag-world"},"share_on_mastodon":{"url":"https:\/\/pubeurope.com\/@fr\/115736657570483132","error":""},"_links":{"self":[{"href":"https:\/\/www.europesays.com\/fr\/wp-json\/wp\/v2\/posts\/605925","targetHints":{"allow":["GET"]}}],"collection":[{"href":"https:\/\/www.europesays.com\/fr\/wp-json\/wp\/v2\/posts"}],"about":[{"href":"https:\/\/www.europesays.com\/fr\/wp-json\/wp\/v2\/types\/post"}],"author":[{"embeddable":true,"href":"https:\/\/www.europesays.com\/fr\/wp-json\/wp\/v2\/users\/2"}],"replies":[{"embeddable":true,"href":"https:\/\/www.europesays.com\/fr\/wp-json\/wp\/v2\/comments?post=605925"}],"version-history":[{"count":0,"href":"https:\/\/www.europesays.com\/fr\/wp-json\/wp\/v2\/posts\/605925\/revisions"}],"wp:featuredmedia":[{"embeddable":true,"href":"https:\/\/www.europesays.com\/fr\/wp-json\/wp\/v2\/media\/605926"}],"wp:attachment":[{"href":"https:\/\/www.europesays.com\/fr\/wp-json\/wp\/v2\/media?parent=605925"}],"wp:term":[{"taxonomy":"category","embeddable":true,"href":"https:\/\/www.europesays.com\/fr\/wp-json\/wp\/v2\/categories?post=605925"},{"taxonomy":"post_tag","embeddable":true,"href":"https:\/\/www.europesays.com\/fr\/wp-json\/wp\/v2\/tags?post=605925"}],"curies":[{"name":"wp","href":"https:\/\/api.w.org\/{rel}","templated":true}]}}