{"id":605931,"date":"2025-12-17T19:55:46","date_gmt":"2025-12-17T19:55:46","guid":{"rendered":"https:\/\/www.europesays.com\/fr\/605931\/"},"modified":"2025-12-17T19:55:46","modified_gmt":"2025-12-17T19:55:46","slug":"saint-chamond-erasmus-day-pour-les-6e-au-college-ennemond-richard-leurope-ca-nous-plait","status":"publish","type":"post","link":"https:\/\/www.europesays.com\/fr\/605931\/","title":{"rendered":"Saint-Chamond. Erasmus Day pour les 6e au coll\u00e8ge Ennemond-Richard\u00a0: \u00ab\u00a0L\u2019Europe, \u00e7a nous pla\u00eet\u00a0\u00bb"},"content":{"rendered":"<p>\u00c0 la base d\u2019un quiz propos\u00e9 \u00e0 tous les \u00e9l\u00e8ves de 6e du coll\u00e8ge Ennemond-Richard, 27 photos et 27 capitales \u00e0 relier aux 27 pays de l\u2019Union europ\u00e9enne. Puis des questions sur le drapeau, la monnaie, les langues, les valeurs partag\u00e9es, dont les r\u00e9ponses sont \u00e0 trouver sur le mur Erasmus illustr\u00e9 qui d\u00e9core toute l\u2019ann\u00e9e le hall de l\u2019\u00e9tablissement.<\/p>\n<p>Mylan et Berkaya font \u00e9quipe\u00a0: \u00ab\u00a0On s\u2019\u00e9paule car on n\u2019est pas tr\u00e8s bons en&#8230;<\/p>\n","protected":false},"excerpt":{"rendered":"\u00c0 la base d\u2019un quiz propos\u00e9 \u00e0 tous les \u00e9l\u00e8ves de 6e du coll\u00e8ge Ennemond-Richard, 27 photos et&hellip;\n","protected":false},"author":2,"featured_media":605932,"comment_status":"","ping_status":"","sticky":false,"template":"","format":"standard","meta":{"footnotes":""},"categories":[9653],"tags":[1111,11,2430,3599,7539,1057,1777,674,1011,27,12,25,9669,9670,4001],"class_list":{"0":"post-605931","1":"post","2":"type-post","3":"status-publish","4":"format-standard","5":"has-post-thumbnail","7":"category-saint-etienne","8":"tag-actu","9":"tag-actualites","10":"tag-auvergne-rhone-alpes","11":"tag-college-lycee","12":"tag-edition-loire-sud","13":"tag-education","14":"tag-eu","15":"tag-europe","16":"tag-fr","17":"tag-france","18":"tag-news","19":"tag-republique-francaise","20":"tag-saint-chamond","21":"tag-saint-chamond-ville","22":"tag-saint-etienne"},"share_on_mastodon":{"url":"https:\/\/pubeurope.com\/@fr\/115736673178883653","error":""},"_links":{"self":[{"href":"https:\/\/www.europesays.com\/fr\/wp-json\/wp\/v2\/posts\/605931","targetHints":{"allow":["GET"]}}],"collection":[{"href":"https:\/\/www.europesays.com\/fr\/wp-json\/wp\/v2\/posts"}],"about":[{"href":"https:\/\/www.europesays.com\/fr\/wp-json\/wp\/v2\/types\/post"}],"author":[{"embeddable":true,"href":"https:\/\/www.europesays.com\/fr\/wp-json\/wp\/v2\/users\/2"}],"replies":[{"embeddable":true,"href":"https:\/\/www.europesays.com\/fr\/wp-json\/wp\/v2\/comments?post=605931"}],"version-history":[{"count":0,"href":"https:\/\/www.europesays.com\/fr\/wp-json\/wp\/v2\/posts\/605931\/revisions"}],"wp:featuredmedia":[{"embeddable":true,"href":"https:\/\/www.europesays.com\/fr\/wp-json\/wp\/v2\/media\/605932"}],"wp:attachment":[{"href":"https:\/\/www.europesays.com\/fr\/wp-json\/wp\/v2\/media?parent=605931"}],"wp:term":[{"taxonomy":"category","embeddable":true,"href":"https:\/\/www.europesays.com\/fr\/wp-json\/wp\/v2\/categories?post=605931"},{"taxonomy":"post_tag","embeddable":true,"href":"https:\/\/www.europesays.com\/fr\/wp-json\/wp\/v2\/tags?post=605931"}],"curies":[{"name":"wp","href":"https:\/\/api.w.org\/{rel}","templated":true}]}}