{"id":605935,"date":"2025-12-17T19:58:25","date_gmt":"2025-12-17T19:58:25","guid":{"rendered":"https:\/\/www.europesays.com\/fr\/605935\/"},"modified":"2025-12-17T19:58:25","modified_gmt":"2025-12-17T19:58:25","slug":"malzeville-spectacle-de-fin-dannee-en-musique-a-pasteur","status":"publish","type":"post","link":"https:\/\/www.europesays.com\/fr\/605935\/","title":{"rendered":"Malz\u00e9ville. Spectacle de fin d\u2019ann\u00e9e en musique \u00e0 Pasteur"},"content":{"rendered":"<p>\u00ab\u00a0Un super cadeau de fin d\u2019ann\u00e9e\u00a0!\u00a0\u00bb reconnaissait Loriane Larochelle, la directrice de l\u2019\u00e9cole Louis-Pasteur, en regardant les 110 \u00e9l\u00e8ves de l\u2019\u00e9cole en train de taper dans leurs mains et d\u2019accompagner en chantant et en se balan\u00e7ant la musique de la Cie Un poisson dans le d\u00e9sert. \u00ab\u00a0Tu peux toujours r\u00eaver\u00a0\u00bb recommandaient les deux musiciens. R\u00eaver peut-\u00eatre, mais \u00ab\u00a0appr\u00e9cier\u00a0\u00bb, s\u00fbrement\u00a0!<\/p>\n","protected":false},"excerpt":{"rendered":"\u00ab\u00a0Un super cadeau de fin d\u2019ann\u00e9e\u00a0!\u00a0\u00bb reconnaissait Loriane Larochelle, la directrice de l\u2019\u00e9cole Louis-Pasteur, en regardant les 110&hellip;\n","protected":false},"author":2,"featured_media":605936,"comment_status":"","ping_status":"","sticky":false,"template":"","format":"standard","meta":{"footnotes":""},"categories":[9635],"tags":[1111,11,1704,1057,1777,674,1011,27,775,11259,10425,11260,1702,12,25],"class_list":{"0":"post-605935","1":"post","2":"type-post","3":"status-publish","4":"format-standard","5":"has-post-thumbnail","7":"category-nancy","8":"tag-actu","9":"tag-actualites","10":"tag-edition-nancy-et-agglomeration","11":"tag-education","12":"tag-eu","13":"tag-europe","14":"tag-fr","15":"tag-france","16":"tag-grand-est","17":"tag-malzeville","18":"tag-maternelle-elementaire","19":"tag-metropole-du-grand-nancy-54b4","20":"tag-nancy","21":"tag-news","22":"tag-republique-francaise"},"share_on_mastodon":{"url":"https:\/\/pubeurope.com\/@fr\/115736681085558896","error":""},"_links":{"self":[{"href":"https:\/\/www.europesays.com\/fr\/wp-json\/wp\/v2\/posts\/605935","targetHints":{"allow":["GET"]}}],"collection":[{"href":"https:\/\/www.europesays.com\/fr\/wp-json\/wp\/v2\/posts"}],"about":[{"href":"https:\/\/www.europesays.com\/fr\/wp-json\/wp\/v2\/types\/post"}],"author":[{"embeddable":true,"href":"https:\/\/www.europesays.com\/fr\/wp-json\/wp\/v2\/users\/2"}],"replies":[{"embeddable":true,"href":"https:\/\/www.europesays.com\/fr\/wp-json\/wp\/v2\/comments?post=605935"}],"version-history":[{"count":0,"href":"https:\/\/www.europesays.com\/fr\/wp-json\/wp\/v2\/posts\/605935\/revisions"}],"wp:featuredmedia":[{"embeddable":true,"href":"https:\/\/www.europesays.com\/fr\/wp-json\/wp\/v2\/media\/605936"}],"wp:attachment":[{"href":"https:\/\/www.europesays.com\/fr\/wp-json\/wp\/v2\/media?parent=605935"}],"wp:term":[{"taxonomy":"category","embeddable":true,"href":"https:\/\/www.europesays.com\/fr\/wp-json\/wp\/v2\/categories?post=605935"},{"taxonomy":"post_tag","embeddable":true,"href":"https:\/\/www.europesays.com\/fr\/wp-json\/wp\/v2\/tags?post=605935"}],"curies":[{"name":"wp","href":"https:\/\/api.w.org\/{rel}","templated":true}]}}