{"id":605947,"date":"2025-12-17T20:07:13","date_gmt":"2025-12-17T20:07:13","guid":{"rendered":"https:\/\/www.europesays.com\/fr\/605947\/"},"modified":"2025-12-17T20:07:13","modified_gmt":"2025-12-17T20:07:13","slug":"rouen-une-sanction-injustifiee-le-club-le-so-vise-par-une-fermeture-administrative-de-deux-mois","status":"publish","type":"post","link":"https:\/\/www.europesays.com\/fr\/605947\/","title":{"rendered":"Rouen. \u00ab\u00a0Une sanction injustifi\u00e9e\u00a0\u00bb, le club Le SO vis\u00e9 par une fermeture administrative de deux mois"},"content":{"rendered":"<p melodystyle=\"texte\">Cela fait deux ann\u00e9es de suite que l&rsquo;\u00e9tablissement est priv\u00e9 de la soir\u00e9e du 31\u00a0d\u00e9cembre. La discoth\u00e8que Le So \u00e0 Rouen a \u00e9t\u00e9 sanctionn\u00e9, mercredi 17\u00a0d\u00e9cembre, d&rsquo;une fermeture administrative de deux mois. L&rsquo;arr\u00eat\u00e9 pris par la pr\u00e9fecture de Seine-Maritime entre en vigueur le 19\u00a0d\u00e9cembre 2025 jusqu&rsquo;au 17\u00a0f\u00e9vrier 2026, privant une nouvelle fois le club d&rsquo;un r\u00e9veillon. C&rsquo;est donc la deuxi\u00e8me fermeture administrative pour l&rsquo;\u00e9tablissement, en seulement un an.<\/p>\n<p>Une mineure accueillie dans la bo\u00eete<\/p>\n<p melodystyle=\"texte\">La pr\u00e9fecture de Seine-Maritime confirme la d\u00e9cision \u00ab\u00a0pour des infractions de vente d&rsquo;alcool \u00e0 un mineur et de vente d&rsquo;alcool \u00e0 des individus manifestement ivres\u00a0\u00bb. Dans un communiqu\u00e9, publi\u00e9 mercredi 17\u00a0d\u00e9cembre, la bo\u00eete de nuit explique qu&rsquo;il lui est reproch\u00e9 d&rsquo;avoir accueilli un groupe dans lequel se trouvait une mineure et d&rsquo;avoir servi de l&rsquo;alcool \u00e0 une personne du groupe alors qu&rsquo;elle \u00e9tait en \u00e9tat d&rsquo;ivresse manifeste. Le So Rouen dit contester formellement les faits. \u00ab\u00a0Les dirigeants de l&rsquo;\u00e9tablissement ont \u00e9t\u00e9 plac\u00e9s en garde \u00e0 vue, dans un climat ressenti comme humiliant\u00a0\u00bb, d\u00e9plore \u00e9galement l&rsquo;\u00e9quipe du So. Le club qui d\u00e9nonce une d\u00e9cision \u00ab\u00a0totalement disproportionn\u00e9e\u00a0\u00bb soutient que la mineure concern\u00e9e \u00e2g\u00e9e de 17 ans \u00ab\u00a0avait volontairement dissimul\u00e9 sa minorit\u00e9\u00a0\u00bb.<\/p>\n<p melodystyle=\"texte\">Le So maintient son \u00ab\u00a0Afterwork de No\u00ebl\u00a0\u00bb du 18\u00a0d\u00e9cembre avec une fermeture \u00e0 2h.<\/p>\n","protected":false},"excerpt":{"rendered":"Cela fait deux ann\u00e9es de suite que l&rsquo;\u00e9tablissement est priv\u00e9 de la soir\u00e9e du 31\u00a0d\u00e9cembre. La discoth\u00e8que Le&hellip;\n","protected":false},"author":2,"featured_media":605948,"comment_status":"","ping_status":"","sticky":false,"template":"","format":"standard","meta":{"footnotes":""},"categories":[9587],"tags":[1111,11,1777,674,1011,27,12,5161,25,9590],"class_list":{"0":"post-605947","1":"post","2":"type-post","3":"status-publish","4":"format-standard","5":"has-post-thumbnail","7":"category-rouen","8":"tag-actu","9":"tag-actualites","10":"tag-eu","11":"tag-europe","12":"tag-fr","13":"tag-france","14":"tag-news","15":"tag-normandie","16":"tag-republique-francaise","17":"tag-rouen"},"share_on_mastodon":{"url":"https:\/\/pubeurope.com\/@fr\/115736716577593774","error":""},"_links":{"self":[{"href":"https:\/\/www.europesays.com\/fr\/wp-json\/wp\/v2\/posts\/605947","targetHints":{"allow":["GET"]}}],"collection":[{"href":"https:\/\/www.europesays.com\/fr\/wp-json\/wp\/v2\/posts"}],"about":[{"href":"https:\/\/www.europesays.com\/fr\/wp-json\/wp\/v2\/types\/post"}],"author":[{"embeddable":true,"href":"https:\/\/www.europesays.com\/fr\/wp-json\/wp\/v2\/users\/2"}],"replies":[{"embeddable":true,"href":"https:\/\/www.europesays.com\/fr\/wp-json\/wp\/v2\/comments?post=605947"}],"version-history":[{"count":0,"href":"https:\/\/www.europesays.com\/fr\/wp-json\/wp\/v2\/posts\/605947\/revisions"}],"wp:featuredmedia":[{"embeddable":true,"href":"https:\/\/www.europesays.com\/fr\/wp-json\/wp\/v2\/media\/605948"}],"wp:attachment":[{"href":"https:\/\/www.europesays.com\/fr\/wp-json\/wp\/v2\/media?parent=605947"}],"wp:term":[{"taxonomy":"category","embeddable":true,"href":"https:\/\/www.europesays.com\/fr\/wp-json\/wp\/v2\/categories?post=605947"},{"taxonomy":"post_tag","embeddable":true,"href":"https:\/\/www.europesays.com\/fr\/wp-json\/wp\/v2\/tags?post=605947"}],"curies":[{"name":"wp","href":"https:\/\/api.w.org\/{rel}","templated":true}]}}