{"id":605953,"date":"2025-12-17T20:10:24","date_gmt":"2025-12-17T20:10:24","guid":{"rendered":"https:\/\/www.europesays.com\/fr\/605953\/"},"modified":"2025-12-17T20:10:24","modified_gmt":"2025-12-17T20:10:24","slug":"a-lest-de-rennes-le-manoir-de-baud-se-refait-une-beaute","status":"publish","type":"post","link":"https:\/\/www.europesays.com\/fr\/605953\/","title":{"rendered":"\u00c0 l\u2019est de Rennes, le manoir de Baud se refait une beaut\u00e9"},"content":{"rendered":"<tr wp_automatic_readability=\"5.8604651162791\">\n<td valign=\"middle\" align=\"center\" class=\"col-logo\" wp_automatic_readability=\"5\">\n    <img decoding=\"async\" src=\"https:\/\/maville.com\/design\/images\/logo-of-monetise.svg?version=20130627\" alt=\"logo Ouest-France\" height=\"66\"\/><\/p>\n<p>Contenu r\u00e9serv\u00e9 aux abonn\u00e9s<\/p>\n<\/td>\n<td class=\"col-titre\">\n\t\t\tMercredi 17 d\u00e9cembre 2025 19:44<br \/>\n\t\t\t<a class=\"icon-bulle sizeL count\" href=\"#ancreAvis\"><br \/>\n\t&#8230;<br \/>\n<\/a><\/td>\n<\/tr>\n<p>\t\t<a class=\"mavillebox2 elmt-photo\" href=\"https:\/\/maville.com\/photosmvi\/2025\/12\/17\/P35646050D7114302G.jpg\" title=\" Lundi 15\u00a0d\u00e9cembre 2025, les travaux de r\u00e9habilitation du manoir de Baud ont d\u00e9marr\u00e9 dans ce quartier \u00e0 l\u2019est de Rennes (Ille-et-Vilaine).  \u00a9  Ouest-France  \" rel=\"galerie_actu noopener\" target=\"_blank\"><br \/>\n\t<img decoding=\"async\" src=\"https:\/\/www.europesays.com\/fr\/wp-content\/uploads\/2025\/12\/P35646050D7114302G_crop_640-330_.jpg\" alt=\"photo  lundi 15\u00a0d\u00e9cembre 2025, les travaux de r\u00e9habilitation du manoir de baud ont d\u00e9marr\u00e9 dans ce quartier \u00e0 l\u2019est de rennes (ille-et-vilaine).  \u00a9  ouest-france \"\/><br \/>\n\t1<br \/>\n<\/a><\/p>\n<p class=\"elmt-legende\"> Lundi 15\u00a0d\u00e9cembre 2025, les travaux de r\u00e9habilitation du manoir de Baud ont d\u00e9marr\u00e9 dans ce quartier \u00e0 l\u2019est de Rennes (Ille-et-Vilaine).  \u00a9  Ouest-France  <\/p>\n<p>\t\tEn cette fin d\u2019ann\u00e9e 2025, les travaux de r\u00e9novation du manoir de Baud d\u00e9marrent pour de bon. Situ\u00e9 \u00e0 l\u2019est de Rennes, ce b\u00e2timent historique, d\u00e9tenu par la Ville, devrait faire l\u2019objet d\u2019un nouvel appel \u00e0 projet en septembre\u00a02026.<\/p>\n<p><b>Cet article est r\u00e9serv\u00e9 aux abonn\u00e9s<\/b><\/p>\n<p>Pour un acc\u00e8s imm\u00e9diat, abonnez-vous<\/p>\n<p><b>1\u00e8re semaine offerte<\/b><\/p>\n<p>\t\t Fran\u00e7ois Brul\u00e9 \u00a0\u00a0<br \/>\n\t\tOuest-France<\/p>\n<p>Retrouvez d&rsquo;autres actus sur la commune de :<\/p>\n<p>\t\t&#13;<\/p>\n","protected":false},"excerpt":{"rendered":"Contenu r\u00e9serv\u00e9 aux abonn\u00e9s Mercredi 17 d\u00e9cembre 2025 19:44 &#8230; 1 Lundi 15\u00a0d\u00e9cembre 2025, les travaux de r\u00e9habilitation&hellip;\n","protected":false},"author":2,"featured_media":605954,"comment_status":"","ping_status":"","sticky":false,"template":"","format":"standard","meta":{"footnotes":""},"categories":[2821],"tags":[1111,11,27953,2424,829,1777,674,1011,27,42218,12,47438,584,25],"class_list":{"0":"post-605953","1":"post","2":"type-post","3":"status-publish","4":"format-standard","5":"has-post-thumbnail","7":"category-rennes","8":"tag-actu","9":"tag-actualites","10":"tag-baud","11":"tag-beaute","12":"tag-bretagne","13":"tag-eu","14":"tag-europe","15":"tag-fr","16":"tag-france","17":"tag-manoir","18":"tag-news","19":"tag-refait","20":"tag-rennes","21":"tag-republique-francaise"},"share_on_mastodon":{"url":"https:\/\/pubeurope.com\/@fr\/115736728801487257","error":""},"_links":{"self":[{"href":"https:\/\/www.europesays.com\/fr\/wp-json\/wp\/v2\/posts\/605953","targetHints":{"allow":["GET"]}}],"collection":[{"href":"https:\/\/www.europesays.com\/fr\/wp-json\/wp\/v2\/posts"}],"about":[{"href":"https:\/\/www.europesays.com\/fr\/wp-json\/wp\/v2\/types\/post"}],"author":[{"embeddable":true,"href":"https:\/\/www.europesays.com\/fr\/wp-json\/wp\/v2\/users\/2"}],"replies":[{"embeddable":true,"href":"https:\/\/www.europesays.com\/fr\/wp-json\/wp\/v2\/comments?post=605953"}],"version-history":[{"count":0,"href":"https:\/\/www.europesays.com\/fr\/wp-json\/wp\/v2\/posts\/605953\/revisions"}],"wp:featuredmedia":[{"embeddable":true,"href":"https:\/\/www.europesays.com\/fr\/wp-json\/wp\/v2\/media\/605954"}],"wp:attachment":[{"href":"https:\/\/www.europesays.com\/fr\/wp-json\/wp\/v2\/media?parent=605953"}],"wp:term":[{"taxonomy":"category","embeddable":true,"href":"https:\/\/www.europesays.com\/fr\/wp-json\/wp\/v2\/categories?post=605953"},{"taxonomy":"post_tag","embeddable":true,"href":"https:\/\/www.europesays.com\/fr\/wp-json\/wp\/v2\/tags?post=605953"}],"curies":[{"name":"wp","href":"https:\/\/api.w.org\/{rel}","templated":true}]}}