{"id":605959,"date":"2025-12-17T20:13:13","date_gmt":"2025-12-17T20:13:13","guid":{"rendered":"https:\/\/www.europesays.com\/fr\/605959\/"},"modified":"2025-12-17T20:13:13","modified_gmt":"2025-12-17T20:13:13","slug":"ligue-conference-en-europe-le-racing-club-de-strasbourg-veut-rester-au-top","status":"publish","type":"post","link":"https:\/\/www.europesays.com\/fr\/605959\/","title":{"rendered":"Ligue Conf\u00e9rence. En Europe, le Racing Club de Strasbourg veut rester au top"},"content":{"rendered":"<p>Depuis une semaine, le Racing est au top. Pas au top de sa forme, comme ses derni\u00e8res productions en Ligue 1 l\u2019ont montr\u00e9. Mais au top de la Ligue Conf\u00e9rence puisqu\u2019il est le seul club \u00e0 totaliser 13\u200apoints apr\u00e8s cinq matches.<\/p>\n<p>Et il fait \u00e9galement partie des trois derni\u00e8res \u00e9quipes \u2013 avec Czestochowa et l\u2019AEK Larnaca \u2013 \u00e0 ne pas avoir connu la d\u00e9faite dans la comp\u00e9tition. Un bilan assez remarquable, il faut le souligner par les temps qui courent, pour cette (tr\u00e8s) jeune \u00e9quipe strasbourgeoise au v\u00e9cu riquiqui sur la sc\u00e8ne continentale.<\/p>\n<p>\u00ab\u200a\u00catre en t\u00eate avec l\u2019\u00e9quipe la plus jeune de l\u2019histoire (de la Ligue Conf\u00e9rence), c\u2019est exceptionnel, relate <a href=\"https:\/\/www.dna.fr\/p\/liam-rosenior\" target=\"_blank\" rel=\"noopener\">Liam Rosenior<\/a>. On r\u00e9p\u00e8te les matches le jeudi et le dimanche, en Europe et en Ligue 1 qui est un championnat difficile. Mes joueurs apprennent vite. Je suis fier d\u2019eux. Cela en dit long sur leur progression et celle du club.\u200a\u00bb<\/p>\n<p>\u00ab\u00a0On veut avoir du succ\u00e8s dans toutes les comp\u00e9titions. Il n\u2019y en a pas une plus importante qu\u2019une autre\u00a0\u00bb (Liam Rosenior)<\/p>\n<p>Cer&#8230;<\/p>\n","protected":false},"excerpt":{"rendered":"Depuis une semaine, le Racing est au top. Pas au top de sa forme, comme ses derni\u00e8res productions&hellip;\n","protected":false},"author":2,"featured_media":605960,"comment_status":"","ping_status":"","sticky":false,"template":"","format":"standard","meta":{"footnotes":""},"categories":[2820],"tags":[1111,11,2389,2649,2880,1777,674,107,63,1011,27,775,43670,12,41281,25,517,640],"class_list":{"0":"post-605959","1":"post","2":"type-post","3":"status-publish","4":"format-standard","5":"has-post-thumbnail","7":"category-strasbourg","8":"tag-actu","9":"tag-actualites","10":"tag-alsace","11":"tag-bas-rhin","12":"tag-edition-strasbourg","13":"tag-eu","14":"tag-europe","15":"tag-fil-info","16":"tag-football","17":"tag-fr","18":"tag-france","19":"tag-grand-est","20":"tag-ligue-conference","21":"tag-news","22":"tag-racing-club-strasbourg-masculin","23":"tag-republique-francaise","24":"tag-sport","25":"tag-strasbourg"},"share_on_mastodon":{"url":"https:\/\/pubeurope.com\/@fr\/115736740177910373","error":""},"_links":{"self":[{"href":"https:\/\/www.europesays.com\/fr\/wp-json\/wp\/v2\/posts\/605959","targetHints":{"allow":["GET"]}}],"collection":[{"href":"https:\/\/www.europesays.com\/fr\/wp-json\/wp\/v2\/posts"}],"about":[{"href":"https:\/\/www.europesays.com\/fr\/wp-json\/wp\/v2\/types\/post"}],"author":[{"embeddable":true,"href":"https:\/\/www.europesays.com\/fr\/wp-json\/wp\/v2\/users\/2"}],"replies":[{"embeddable":true,"href":"https:\/\/www.europesays.com\/fr\/wp-json\/wp\/v2\/comments?post=605959"}],"version-history":[{"count":0,"href":"https:\/\/www.europesays.com\/fr\/wp-json\/wp\/v2\/posts\/605959\/revisions"}],"wp:featuredmedia":[{"embeddable":true,"href":"https:\/\/www.europesays.com\/fr\/wp-json\/wp\/v2\/media\/605960"}],"wp:attachment":[{"href":"https:\/\/www.europesays.com\/fr\/wp-json\/wp\/v2\/media?parent=605959"}],"wp:term":[{"taxonomy":"category","embeddable":true,"href":"https:\/\/www.europesays.com\/fr\/wp-json\/wp\/v2\/categories?post=605959"},{"taxonomy":"post_tag","embeddable":true,"href":"https:\/\/www.europesays.com\/fr\/wp-json\/wp\/v2\/tags?post=605959"}],"curies":[{"name":"wp","href":"https:\/\/api.w.org\/{rel}","templated":true}]}}