{"id":605967,"date":"2025-12-17T20:17:16","date_gmt":"2025-12-17T20:17:16","guid":{"rendered":"https:\/\/www.europesays.com\/fr\/605967\/"},"modified":"2025-12-17T20:17:16","modified_gmt":"2025-12-17T20:17:16","slug":"le-bise-festival-est-de-retour-a-nantes","status":"publish","type":"post","link":"https:\/\/www.europesays.com\/fr\/605967\/","title":{"rendered":"Le BISE Festival est de retour \u00e0 Nantes"},"content":{"rendered":"<p>25 artistes programm\u00e9.e.s sur 4 sc\u00e8nes <strong>les 20 et 21 janvier 2026<\/strong> \u00e0 Nantes. Cr\u00e9\u00e9 en 2020, ce festival est devenu LE rendez-vous incontournable de showcases et de rencontres professionnelles, et s\u2019adresse \u00e0 un public curieux mais aussi aux acteur.trice.s du secteur musical, en parall\u00e8le des BIS. Le festival valorise les talents \u00e9mergents des musiques actuelles en proposant des<strong> showcases de 30 minutes<\/strong> et des temps de rencontres avec des professionnel.le.s du secteur. Alors, tu viens ?<\/p>\n","protected":false},"excerpt":{"rendered":"25 artistes programm\u00e9.e.s sur 4 sc\u00e8nes les 20 et 21 janvier 2026 \u00e0 Nantes. Cr\u00e9\u00e9 en 2020, ce&hellip;\n","protected":false},"author":2,"featured_media":605968,"comment_status":"","ping_status":"","sticky":false,"template":"","format":"standard","meta":{"footnotes":""},"categories":[2818],"tags":[1111,11,1777,674,1011,27,766,12,2636,25],"class_list":{"0":"post-605967","1":"post","2":"type-post","3":"status-publish","4":"format-standard","5":"has-post-thumbnail","7":"category-nantes","8":"tag-actu","9":"tag-actualites","10":"tag-eu","11":"tag-europe","12":"tag-fr","13":"tag-france","14":"tag-nantes","15":"tag-news","16":"tag-pays-de-la-loire","17":"tag-republique-francaise"},"share_on_mastodon":{"url":"https:\/\/pubeurope.com\/@fr\/115736755895994042","error":""},"_links":{"self":[{"href":"https:\/\/www.europesays.com\/fr\/wp-json\/wp\/v2\/posts\/605967","targetHints":{"allow":["GET"]}}],"collection":[{"href":"https:\/\/www.europesays.com\/fr\/wp-json\/wp\/v2\/posts"}],"about":[{"href":"https:\/\/www.europesays.com\/fr\/wp-json\/wp\/v2\/types\/post"}],"author":[{"embeddable":true,"href":"https:\/\/www.europesays.com\/fr\/wp-json\/wp\/v2\/users\/2"}],"replies":[{"embeddable":true,"href":"https:\/\/www.europesays.com\/fr\/wp-json\/wp\/v2\/comments?post=605967"}],"version-history":[{"count":0,"href":"https:\/\/www.europesays.com\/fr\/wp-json\/wp\/v2\/posts\/605967\/revisions"}],"wp:featuredmedia":[{"embeddable":true,"href":"https:\/\/www.europesays.com\/fr\/wp-json\/wp\/v2\/media\/605968"}],"wp:attachment":[{"href":"https:\/\/www.europesays.com\/fr\/wp-json\/wp\/v2\/media?parent=605967"}],"wp:term":[{"taxonomy":"category","embeddable":true,"href":"https:\/\/www.europesays.com\/fr\/wp-json\/wp\/v2\/categories?post=605967"},{"taxonomy":"post_tag","embeddable":true,"href":"https:\/\/www.europesays.com\/fr\/wp-json\/wp\/v2\/tags?post=605967"}],"curies":[{"name":"wp","href":"https:\/\/api.w.org\/{rel}","templated":true}]}}