{"id":605969,"date":"2025-12-17T20:18:14","date_gmt":"2025-12-17T20:18:14","guid":{"rendered":"https:\/\/www.europesays.com\/fr\/605969\/"},"modified":"2025-12-17T20:18:14","modified_gmt":"2025-12-17T20:18:14","slug":"un-marche-de-noel-feerique-et-familial-au-parc-de-lermitage","status":"publish","type":"post","link":"https:\/\/www.europesays.com\/fr\/605969\/","title":{"rendered":"un march\u00e9 de No\u00ebl f\u00e9erique et familial au parc de l\u2019Ermitage"},"content":{"rendered":"<p>N comme nature. Le vert de la pelouse du parc de l\u2019Ermitage \u00e9tait parsem\u00e9 de couleurs vives tout autour du blanc des tentes des stands le rendant m\u00e9connaissable. Naturellement, avec le soleil complice, le public a plus que r\u00e9pondu pr\u00e9sent\u00a0: le record d\u2019affluence a largement \u00e9t\u00e9 battu.<\/p>\n<p>O comme original et organisation. Le march\u00e9 \u00e9tait organis\u00e9 autour d\u2019une cinquantaine d\u2019exposants proposant bijoux, bougies, c\u00e9ramiques, livres, liqueurs et autres id\u00e9es de cadeaux. L\u2019organisation, salu\u00e9e par le maire Patrick Bobet, a aussi \u00e9t\u00e9 marqu\u00e9e par l\u2019engagement des associations bouscataises et des services municipaux. Le programme concoct\u00e9 par les organisateurs \u00e9tait original et s\u2019adressait \u00e0 tous les \u00e2ges.<\/p>\n<p>E comme enchant\u00e9. Fantaisie, f\u00e9erie, po\u00e9sie et musique ont rythm\u00e9 la soir\u00e9e du samedi avec la d\u00e9ambulation de la compagnie Mademoiselle Paillette et le concert du Super Jolly Quintet.<\/p>\n","protected":false},"excerpt":{"rendered":"N comme nature. Le vert de la pelouse du parc de l\u2019Ermitage \u00e9tait parsem\u00e9 de couleurs vives tout&hellip;\n","protected":false},"author":2,"featured_media":605970,"comment_status":"","ping_status":"","sticky":false,"template":"","format":"standard","meta":{"footnotes":""},"categories":[2817],"tags":[1111,11,1997,1777,674,1011,27,12,2219,25],"class_list":{"0":"post-605969","1":"post","2":"type-post","3":"status-publish","4":"format-standard","5":"has-post-thumbnail","7":"category-bordeaux","8":"tag-actu","9":"tag-actualites","10":"tag-bordeaux","11":"tag-eu","12":"tag-europe","13":"tag-fr","14":"tag-france","15":"tag-news","16":"tag-nouvelle-aquitaine","17":"tag-republique-francaise"},"share_on_mastodon":{"url":"https:\/\/pubeurope.com\/@fr\/115736760360977204","error":""},"_links":{"self":[{"href":"https:\/\/www.europesays.com\/fr\/wp-json\/wp\/v2\/posts\/605969","targetHints":{"allow":["GET"]}}],"collection":[{"href":"https:\/\/www.europesays.com\/fr\/wp-json\/wp\/v2\/posts"}],"about":[{"href":"https:\/\/www.europesays.com\/fr\/wp-json\/wp\/v2\/types\/post"}],"author":[{"embeddable":true,"href":"https:\/\/www.europesays.com\/fr\/wp-json\/wp\/v2\/users\/2"}],"replies":[{"embeddable":true,"href":"https:\/\/www.europesays.com\/fr\/wp-json\/wp\/v2\/comments?post=605969"}],"version-history":[{"count":0,"href":"https:\/\/www.europesays.com\/fr\/wp-json\/wp\/v2\/posts\/605969\/revisions"}],"wp:featuredmedia":[{"embeddable":true,"href":"https:\/\/www.europesays.com\/fr\/wp-json\/wp\/v2\/media\/605970"}],"wp:attachment":[{"href":"https:\/\/www.europesays.com\/fr\/wp-json\/wp\/v2\/media?parent=605969"}],"wp:term":[{"taxonomy":"category","embeddable":true,"href":"https:\/\/www.europesays.com\/fr\/wp-json\/wp\/v2\/categories?post=605969"},{"taxonomy":"post_tag","embeddable":true,"href":"https:\/\/www.europesays.com\/fr\/wp-json\/wp\/v2\/tags?post=605969"}],"curies":[{"name":"wp","href":"https:\/\/api.w.org\/{rel}","templated":true}]}}