{"id":605973,"date":"2025-12-17T20:20:12","date_gmt":"2025-12-17T20:20:12","guid":{"rendered":"https:\/\/www.europesays.com\/fr\/605973\/"},"modified":"2025-12-17T20:20:12","modified_gmt":"2025-12-17T20:20:12","slug":"dermatose-nodulaire-des-milliers-de-doses-doivent-arriver-a-toulouse-ce-jeudi-pour-accelerer-la-vaccination","status":"publish","type":"post","link":"https:\/\/www.europesays.com\/fr\/605973\/","title":{"rendered":"Dermatose nodulaire\u00a0: des milliers de doses doivent arriver \u00e0 Toulouse ce jeudi pour acc\u00e9l\u00e9rer la vaccination"},"content":{"rendered":"<p>\n                                                                    l&rsquo;essentiel<br \/>\n                                                                La dermatose nodulaire bovine menace le cheptel en Occitanie. Pour enrayer le nombre de cas, une vaste campagne de vaccination est lanc\u00e9e. Des milliers de doses devraient arriver ce jeudi \u00e0 Toulouse.\n                            <\/p>\n<p>Face \u00e0 l\u2019urgence sanitaire en Occitanie, le gouvernement d\u00e9ploie des milliers de doses de vaccins contre la <a href=\"https:\/\/www.ladepeche.fr\/economie\/agriculture\/dermatose-nodulaire\/\" target=\"_self\" rel=\"noopener\">dermatose nodulaire bovine<\/a>. Cette op\u00e9ration logistique d\u2019envergure vise \u00e0 prot\u00e9ger rapidement le cheptel r\u00e9gional. Ces doses devraient arriver d\u00e8s ce jeudi \u00e0 Toulouse.<\/p>\n<p>Cette livraison massive intervient pour soutenir les \u00e9leveurs de vaches face \u00e0 la progression de l\u2019\u00e9pizootie dans le sud de la France. Les autorit\u00e9s s\u2019appuient sur une logistique renforc\u00e9e pour garantir une distribution imm\u00e9diate dans les zones prioritaires.<\/p>\n<p>\u00ab\u00a0L\u2019enjeu sanitaire aujourd\u2019hui, c\u2019est celui d\u2019une vaccination massive et acc\u00e9l\u00e9r\u00e9e. C\u2019est la meilleure fa\u00e7on de prot\u00e9ger nos bovins, et nous y sommes pr\u00eats\u00a0: 500\u00a0000 doses sont d\u00e9j\u00e0 disponibles, 400\u00a0000 suppl\u00e9mentaires arriveront d\u00e8s demain\u00a0\u00bb, a indiqu\u00e9 Annie Genevard, la ministre de l\u2019Agriculture, ce jeudi au micro de RTL.<\/p>\n<blockquote data-class=\"twitter-tweet\">\n<p lang=\"fr\" dir=\"ltr\">L\u2019enjeu sanitaire aujourd\u2019hui, c\u2019est celui d\u2019une vaccination massive et acc\u00e9l\u00e9r\u00e9e.<\/p>\n<p>C\u2019est la meilleure fa\u00e7on de prot\u00e9ger nos bovins, et nous y sommes pr\u00eats : 500 000 doses sont d\u00e9j\u00e0 disponibles, 400 000 suppl\u00e9mentaires arriveront d\u00e8s demain. <a href=\"https:\/\/t.co\/LjZREETyO6\">https:\/\/t.co\/LjZREETyO6<\/a><\/p>\n<p>\u2014 Annie Genevard (@AnnieGenevard) <a href=\"https:\/\/twitter.com\/AnnieGenevard\/status\/2001215343788728830?ref_src=twsrc%5Etfw\" target=\"_blank\" rel=\"noopener\">December 17, 2025<\/a><\/p><\/blockquote>\n<p>L\u2019acheminement de ces produits m\u00e9dicaux repose sur une collaboration \u00e9troite entre les logisticiens des arm\u00e9es et la s\u00e9curit\u00e9 civile. Cette mobilisation exceptionnelle permet de lever les verrous logistiques habituels pour garantir un acc\u00e8s rapide aux solutions pr\u00e9ventives. Les services de l\u2019\u00c9tat coordonnent le transport depuis les Pays-Bas o\u00f9 les flacons ont \u00e9t\u00e9 conditionn\u00e9s la semaine derni\u00e8re.<\/p>\n<p>Les op\u00e9rations de terrain ont d\u00e9j\u00e0 d\u00e9but\u00e9 dans les d\u00e9partements de l\u2019Ari\u00e8ge, des Hautes-Pyr\u00e9n\u00e9es et des Pyr\u00e9n\u00e9es-Orientales. Elles devraient suivre notamment en Haute-Garonne o\u00f9 un cas de dermatose nodulaire a \u00e9t\u00e9 signal\u00e9 en fin de semaine derni\u00e8re <a href=\"https:\/\/www.ladepeche.fr\/2025\/12\/15\/dermatose-nodulaire-a-touille-la-douleur-de-leleveur-malgre-le-soutien-des-agriculteurs-et-des-elus-13112072.php\" target=\"_self\" rel=\"noopener\">\u00e0 Touille<\/a> et o\u00f9 le troupeau a \u00e9t\u00e9 abattu. L\u2019objectif consiste \u00e0 \u00e9tendre la couverture vaccinale le plus vite possible pour limiter l\u2019impact \u00e9conomique sur les exploitations agricoles.<\/p>\n<p>                                                                                                                                                                                                        <script async src=\"https:\/\/platform.twitter.com\/widgets.js\" charset=\"utf-8\"><\/script><\/p>\n","protected":false},"excerpt":{"rendered":"l&rsquo;essentiel La dermatose nodulaire bovine menace le cheptel en Occitanie. Pour enrayer le nombre de cas, une vaste&hellip;\n","protected":false},"author":2,"featured_media":605974,"comment_status":"","ping_status":"","sticky":false,"template":"","format":"standard","meta":{"footnotes":""},"categories":[2816],"tags":[1111,11,327,70814,33,1777,674,1011,27,2722,12,2680,25,2312],"class_list":{"0":"post-605973","1":"post","2":"type-post","3":"status-publish","4":"format-standard","5":"has-post-thumbnail","7":"category-toulouse","8":"tag-actu","9":"tag-actualites","10":"tag-agriculture","11":"tag-dermatose-nodulaire","12":"tag-economie","13":"tag-eu","14":"tag-europe","15":"tag-fr","16":"tag-france","17":"tag-haute-garonne","18":"tag-news","19":"tag-occitanie","20":"tag-republique-francaise","21":"tag-toulouse"},"share_on_mastodon":{"url":"https:\/\/pubeurope.com\/@fr\/115736767731962804","error":""},"_links":{"self":[{"href":"https:\/\/www.europesays.com\/fr\/wp-json\/wp\/v2\/posts\/605973","targetHints":{"allow":["GET"]}}],"collection":[{"href":"https:\/\/www.europesays.com\/fr\/wp-json\/wp\/v2\/posts"}],"about":[{"href":"https:\/\/www.europesays.com\/fr\/wp-json\/wp\/v2\/types\/post"}],"author":[{"embeddable":true,"href":"https:\/\/www.europesays.com\/fr\/wp-json\/wp\/v2\/users\/2"}],"replies":[{"embeddable":true,"href":"https:\/\/www.europesays.com\/fr\/wp-json\/wp\/v2\/comments?post=605973"}],"version-history":[{"count":0,"href":"https:\/\/www.europesays.com\/fr\/wp-json\/wp\/v2\/posts\/605973\/revisions"}],"wp:featuredmedia":[{"embeddable":true,"href":"https:\/\/www.europesays.com\/fr\/wp-json\/wp\/v2\/media\/605974"}],"wp:attachment":[{"href":"https:\/\/www.europesays.com\/fr\/wp-json\/wp\/v2\/media?parent=605973"}],"wp:term":[{"taxonomy":"category","embeddable":true,"href":"https:\/\/www.europesays.com\/fr\/wp-json\/wp\/v2\/categories?post=605973"},{"taxonomy":"post_tag","embeddable":true,"href":"https:\/\/www.europesays.com\/fr\/wp-json\/wp\/v2\/tags?post=605973"}],"curies":[{"name":"wp","href":"https:\/\/api.w.org\/{rel}","templated":true}]}}