{"id":605975,"date":"2025-12-17T20:21:16","date_gmt":"2025-12-17T20:21:16","guid":{"rendered":"https:\/\/www.europesays.com\/fr\/605975\/"},"modified":"2025-12-17T20:21:16","modified_gmt":"2025-12-17T20:21:16","slug":"ce-quannoncent-les-agriculteurs-pour-ce-jeudi","status":"publish","type":"post","link":"https:\/\/www.europesays.com\/fr\/605975\/","title":{"rendered":"ce qu&rsquo;annoncent les agriculteurs pour ce jeudi"},"content":{"rendered":"<p>                    Par<br \/>\n        <strong><br \/>\n            <a href=\"https:\/\/actu.fr\/auteur\/marie-lamarque\" title=\"Consulter tous les articles de Marie Lamarque\" target=\"_blank\" rel=\"noopener\">Marie Lamarque<\/a><br \/>\n                    <\/strong><\/p>\n<p>        Publi\u00e9 le<\/p>\n<p>            17 d\u00e9c. 2025 \u00e0 20h25        <\/p>\n<p>\u00ab\u00a0SOS Agriculteurs 31\u00a0\u00bb, pouvait-on lire sur la banderole jaune install\u00e9e <strong>\u00e0 Muret, au bord de l\u2019A64<\/strong>, ce mardi 16 d\u00e9cembre 2025. Au lendemain, les manifestants ne sont plus. La d\u00e9viation qui for\u00e7ait les automobilistes \u00e0 sortir de l\u2019autoroute, au sud de Toulouse, non plus.\u00a0<\/p>\n<p class=\" wall-content\">Les agriculteurs mobilis\u00e9s sur les lieux ont \u00e9t\u00e9 d\u00e9log\u00e9s par les forces de l\u2019ordre au cours de l\u2019apr\u00e8s-midi de ce mercredi. L\u2019un d\u2019eux avait tent\u00e9 une ultime op\u00e9ration de r\u00e9sistance <a href=\"https:\/\/actu.fr\/occitanie\/muret_31395\/blocages-autour-de-toulouse-au-bord-de-l-a64-un-agriculteur-perche-dans-un-sapin-c-est-un-battant_63589402.html\" target=\"_blank\" rel=\"noopener\">en se perchant en haut d\u2019un arbre<\/a>, avant de redescendre de lui-m\u00eame. Mais les manifestants ne comptent pas s\u2019arr\u00eater l\u00e0. <strong>Pour ce jeudi, de nouvelles op\u00e9rations sont annonc\u00e9es<\/strong>.<\/p>\n<p>\u00ab\u00a0Je ne sais pas quelle consid\u00e9ration on donne aux agriculteurs\u00a0\u00bb<\/p>\n<p class=\" wall-content\"><strong>Luc Mesbah<\/strong>, secr\u00e9taire g\u00e9n\u00e9ral de la FDSEA 31, regrette ce d\u00e9logement et ne comprend pas la strat\u00e9gie de l\u2019Etat. \u00ab\u00a0Ici, on n\u2019organisait m\u00eame pas un blocage, mais une d\u00e9viation\u00a0\u00bb, souligne-t-il. Tandis que plus au sud, sur la m\u00eame autoroute, <strong>le blocage \u00e0 Carbonne, et sur plus de 180 kilom\u00e8tres de l\u2019A64<\/strong>, se poursuit. En t\u00eate du mouvement, <strong>J\u00e9r\u00f4me Bayle<\/strong>, devenu, il y a deux ans, <a href=\"https:\/\/actu.fr\/occitanie\/toulouse_31555\/dermatose-nodulaire-a-toulouse-jerome-bayle-demande-a-changer-de-strategie-sur-l-abattage-des-bovins_63555599.html\" target=\"_blank\" rel=\"noopener\">une figure de la col\u00e8re agricole<\/a>. \u00ab\u00a0Je ne sais pas quelle consid\u00e9ration on donne aux agriculteurs\u00a0\u00bb, se questionne Luc Mesbah.<\/p>\n<p class=\" wall-content\">La col\u00e8re agricole est loin de retomber. Pour ce jeudi, le num\u00e9ro 2 du syndicat annonce m\u00eame <strong>passer \u00e0 la vitesse sup\u00e9rieure<\/strong> en allant sur le p\u00e9riph\u00e9rique toulousain. \u00ab\u00a0La mobilisation intersyndicale va se poursuivre demain, plus fort\u00a0\u00bb, dit-il.<\/p>\n<p>\u00ab\u00a0On va converger vers Toulouse\u00a0\u00bb<\/p>\n<p class=\" wall-content\">Il poursuit : \u00ab\u00a0on est revenus avec les tracteurs sur les points forts autour de Toulouse : \u00e0 Capens [pr\u00e8s de l\u2019A64, NDLR], \u00e0 Auterive\u2026 On va converger vers Toulouse pour mettre la pression sur l\u2019Etat\u00a0\u00bb.<\/p>\n<p>Vid\u00e9os : en ce moment sur Actu<\/p>\n<p class=\" wall-content\"><strong>Une op\u00e9ration qui pourrait se mettre en place, \u00e0 partir de 9h, apr\u00e8s l\u2019heure de pointe, ce jeudi.<\/strong><\/p>\n<p>Et au nord de la Ville rose ?<\/p>\n<p class=\" wall-content\">Quid du c\u00f4t\u00e9 nord-toulousain ? <strong>Un barrage filtrant<\/strong> est ponctuellement install\u00e9, matin et soir, \u00e0 hauteur de Verfeil, sur l\u2019A680.<\/p>\n<p class=\" wall-content\"><strong>Mathieu Maronese<\/strong>, secr\u00e9taire g\u00e9n\u00e9ral adjoint des Jeunes agriculteurs de Haute-Garonne (JA31) et c\u00e9r\u00e9alier \u00e0 Gaur\u00e9, fait partie des mobilis\u00e9s. \u00ab\u00a0S\u2019il y a une convergence vers Toulouse qui s\u2019organise demain, on va peut-\u00eatre la rejoindre\u00a0\u00bb, r\u00e9pond-il ce mercredi soir.<\/p>\n<p>Votre r\u00e9gion, votre actu !<\/p>\n<p>Recevez chaque jour les infos qui comptent pour vous.<\/p>\n<p>\t<a href=\"https:\/\/actu.fr\/newsletter\" class=\"ac-btn ac-btn--corner ac-btn--medium ac-btn--blue800\" target=\"_blank\" rel=\"noopener\">S&rsquo;incrire<\/a><\/p>\n<p class=\" wall-content\">Et d\u2019ajouter : \u00ab\u00a0on va poursuivre les actions tant que l\u2019Etat ne r\u00e9pondra pas \u00e0 toutes nos revendications. Aujourd\u2019hui, ce n\u2019est plus seulement ce qui touche \u00e0 la DNC [Dermatose nodulaire contagieuse, une maladie qui touche les bovins, NDLR]. Il y a d\u2019autres demandes, pour les c\u00e9r\u00e9aliers, pour tout le monde agricole. <strong>Et ce ne sont pas les f\u00eates de No\u00ebl qui nous arr\u00eateront<\/strong>. Les agriculteurs n\u2019ont, de toute fa\u00e7on, plus les moyens de faire des grandes f\u00eates\u00a0\u00bb.<\/p>\n<p class=\" wall-content\">Personnalisez votre actualit\u00e9 en ajoutant vos villes et m\u00e9dias en favori avec <a href=\"https:\/\/moncompte.actu.fr\" title=\"D\u00e9couvez Mon Actu\" rel=\"nofollow noopener\" data-trk=\"{&quot;cta&quot;:{&quot;action&quot;:&quot;https:\\\/\\\/moncompte.actu.fr&quot;,&quot;category&quot;:&quot;mon compte&quot;,&quot;from&quot;:&quot;article footer&quot;,&quot;name&quot;:&quot;Mon actu&quot;,&quot;type&quot;:&quot;cta&quot;}}\" target=\"_blank\">Mon Actu<\/a>.<\/p>\n","protected":false},"excerpt":{"rendered":"Par Marie Lamarque Publi\u00e9 le 17 d\u00e9c. 2025 \u00e0 20h25 \u00ab\u00a0SOS Agriculteurs 31\u00a0\u00bb, pouvait-on lire sur la banderole&hellip;\n","protected":false},"author":2,"featured_media":605976,"comment_status":"","ping_status":"","sticky":false,"template":"","format":"standard","meta":{"footnotes":""},"categories":[2816],"tags":[1111,11,327,70814,1777,674,1011,27,1272,12,2680,25,104,2312],"class_list":{"0":"post-605975","1":"post","2":"type-post","3":"status-publish","4":"format-standard","5":"has-post-thumbnail","7":"category-toulouse","8":"tag-actu","9":"tag-actualites","10":"tag-agriculture","11":"tag-dermatose-nodulaire","12":"tag-eu","13":"tag-europe","14":"tag-fr","15":"tag-france","16":"tag-manifestations","17":"tag-news","18":"tag-occitanie","19":"tag-republique-francaise","20":"tag-societe","21":"tag-toulouse"},"share_on_mastodon":{"url":"https:\/\/pubeurope.com\/@fr\/115736771782597640","error":""},"_links":{"self":[{"href":"https:\/\/www.europesays.com\/fr\/wp-json\/wp\/v2\/posts\/605975","targetHints":{"allow":["GET"]}}],"collection":[{"href":"https:\/\/www.europesays.com\/fr\/wp-json\/wp\/v2\/posts"}],"about":[{"href":"https:\/\/www.europesays.com\/fr\/wp-json\/wp\/v2\/types\/post"}],"author":[{"embeddable":true,"href":"https:\/\/www.europesays.com\/fr\/wp-json\/wp\/v2\/users\/2"}],"replies":[{"embeddable":true,"href":"https:\/\/www.europesays.com\/fr\/wp-json\/wp\/v2\/comments?post=605975"}],"version-history":[{"count":0,"href":"https:\/\/www.europesays.com\/fr\/wp-json\/wp\/v2\/posts\/605975\/revisions"}],"wp:featuredmedia":[{"embeddable":true,"href":"https:\/\/www.europesays.com\/fr\/wp-json\/wp\/v2\/media\/605976"}],"wp:attachment":[{"href":"https:\/\/www.europesays.com\/fr\/wp-json\/wp\/v2\/media?parent=605975"}],"wp:term":[{"taxonomy":"category","embeddable":true,"href":"https:\/\/www.europesays.com\/fr\/wp-json\/wp\/v2\/categories?post=605975"},{"taxonomy":"post_tag","embeddable":true,"href":"https:\/\/www.europesays.com\/fr\/wp-json\/wp\/v2\/tags?post=605975"}],"curies":[{"name":"wp","href":"https:\/\/api.w.org\/{rel}","templated":true}]}}