{"id":605977,"date":"2025-12-17T20:22:16","date_gmt":"2025-12-17T20:22:16","guid":{"rendered":"https:\/\/www.europesays.com\/fr\/605977\/"},"modified":"2025-12-17T20:22:16","modified_gmt":"2025-12-17T20:22:16","slug":"expos-marches-titanic-en-vr-20-idees-de-sorties-pour-les-vacances-de-noel-a-lille-et-autour","status":"publish","type":"post","link":"https:\/\/www.europesays.com\/fr\/605977\/","title":{"rendered":"Expos, march\u00e9s, Titanic en VR\u2026 20 id\u00e9es de sorties pour les vacances de No\u00ebl, \u00e0 Lille et autour"},"content":{"rendered":"<p>Ho\u2009! Ho\u2009! Ho\u2009! Alors que les f\u00eates de fin d\u2019ann\u00e9e se profilent, la r\u00e9daction a rep\u00e9r\u00e9 quelques id\u00e9es de choses \u00e0 faire \u00e0 <a href=\"https:\/\/actu.fr\/lille\/\" target=\"_blank\" rel=\"noopener\">Lille<\/a> (Nord) et aux alentours pendant ces <a href=\"https:\/\/actu.fr\/tag\/vacances-scolaires\" target=\"_blank\" rel=\"noopener\">vacances scolaires<\/a>. 20 suggestions, pour en profiter pleinement, <b>du samedi 20\u00a0d\u00e9cembre au dimanche 4\u00a0janvier 2026<\/b> inclus. Pour compl\u00e9ter, retrouvez <a href=\"https:\/\/actu.fr\/hauts-de-france\/arras_62041\/animations-feeriques-visites-originales-que-faire-pour-les-vacances-de-noel-en-nord-pas-de-calais_63584708.html\" target=\"_blank\" rel=\"noopener\">notre s\u00e9lection sur le Nord \u2013 Pas-de-Calais<\/a>.<\/p>\n<li><b><a href=\"https:\/\/actu.fr\/hauts-de-france\/lille_59350\/decouvrez-en-images-leblouissante-expo-lego-the-art-of-the-brick-tout-juste-arrivee-a-lille_63558290.html\" target=\"_blank\" rel=\"noopener\">D\u00e9couvrez en images l\u2019\u00e9blouissante expo LEGO\u00ae \u00ab\u2009The Art of the Brick\u2009\u00bb<\/a><\/b>\n<p>\u00c9merveillement\u2009: s\u2019il ne fallait retenir qu\u2019un sentiment, ce serait celui-l\u00e0. L\u2019expo LEGO\u00ae \u00ab\u2009The Art of the Brick\u2009\u00bb est enfin \u00e0 Lille, \u00e0 Euratech, apr\u00e8s un tour du monde. Immersion.<\/p>\n<\/li>\n<li><b><a href=\"https:\/\/actu.fr\/hauts-de-france\/lille_59350\/a-lille-explorez-le-titanic-dans-une-experience-de-realite-virtuelle-inedite_63201188.html\" target=\"_blank\" rel=\"noopener\">\u00c0 Lille, explorez le Titanic dans une exp\u00e9rience de r\u00e9alit\u00e9 virtuelle in\u00e9dite<\/a><\/b>\n<p>La VR vous emm\u00e8ne dans\u2026 le Titanic. Le c\u00e9l\u00e8bre paquebot se dresse devant et autour des participants \u00e0 cette exp\u00e9rience propos\u00e9e par Eclipso, depuis octobre dernier aux Tanneurs.<\/p>\n<\/li>\n<li><b><a href=\"https:\/\/actu.fr\/hauts-de-france\/lille_59350\/a-lille-explorez-le-titanic-dans-une-experience-de-realite-virtuelle-inedite_63201188.html\" target=\"_blank\" rel=\"noopener\">\u00c0 Lille, un quiz sp\u00e9cial No\u00ebl en d\u00e9cembre pour tester vos connaissances de fa\u00e7on fun et d\u00e9cal\u00e9e<\/a><\/b>\n<p>Et si vous testiez un quiz sur la th\u00e9matique de No\u00ebl\u2009? C\u2019est possible \u00e0 Quiz Room, o\u00f9 le questionnaire saisonnier est de retour en d\u00e9cembre. Si ce n\u2019est pas votre came, notez que d\u2019autres th\u00e9matiques sont toujours \u00e0 la carte\u2009!<\/p>\n<\/li>\n<li><b><a href=\"https:\/\/actu.fr\/hauts-de-france\/lille_59350\/lille-quatre-parcours-immersifs-et-decors-de-cinema-sur-1200-m%C2%B2-devenez-le-heros-dune-aventure-fantastique_63492821.html\" target=\"_blank\" rel=\"noopener\">Quatre parcours immersifs et d\u00e9cors de cin\u00e9ma sur 1\u2009200 m\u00b2 : devenez le h\u00e9ros d\u2019une aventure fantastique<\/a><\/b>\n<p>Inside Game transforme 1\u2009200 m\u00b2 du centre commercial Lillenium en univers fantastiques o\u00f9 les visiteurs, guid\u00e9s par des com\u00e9diens, vivent une aventure grandeur nature\u2026<\/p>\n<\/li>\n<li><b><a href=\"https:\/\/actu.fr\/hauts-de-france\/lille_59350\/cest-quoi-escapad-ce-concept-inedit-de-sport-urbain-qui-ouvre-au-centre-westfield-euralille_63393265.html\" target=\"_blank\" rel=\"noopener\">C\u2019est quoi Escapad, ce concept in\u00e9dit de sport urbain qui vient d\u2019ouvrir au centre Westfield Euralille\u2009?<\/a><\/b>\n<p>Padel, escalade, resto et ambiance d\u00e9tendue\u2009: le concept Escapad vient de d\u00e9barquer \u00e0 Westfield Euralille et r\u00e9invente la fa\u00e7on de bouger, manger et se retrouver en ville.<\/p>\n<\/li>\n<li><b><a href=\"https:\/\/actu.fr\/hauts-de-france\/lesquin_59343\/manger-samuser-jouer-que-trouve-t-on-dans-la-grande-zone-de-loisirs-de-lesquin_62987978.html\" target=\"_blank\" rel=\"noopener\">Manger, s\u2019amuser, jouer\u2009: que trouve-t-on dans la grande zone de loisirs de Lesquin\u2009?<\/a><\/b>\n<p>Une zone d\u00e9di\u00e9e aux loisirs pour toute la famille a su assoir son autorit\u00e9, depuis plusieurs ann\u00e9es \u00e0 Lesquin. Les propositions vari\u00e9es offrent une belle alternative pour une journ\u00e9e sympathique \u00e0 passer avec des proches.<\/p>\n<\/li>\n<li><b><a href=\"https:\/\/actu.fr\/hauts-de-france\/lille_59350\/lille-le-musee-de-lillusion-ouvre-ses-portes-vous-nallez-pas-en-croire-vos-yeux_61244327.html\" target=\"_blank\" rel=\"noopener\">En parcourant le Mus\u00e9e de l\u2019illusion, vous n\u2019allez pas en croire vos yeux\u2009!<\/a><\/b>\n<p>Depuis l\u2019\u00e9t\u00e9 2024, le Mus\u00e9e de l\u2019illusion a ouvert ses portes dans le centre de Lille pour d\u00e9stabiliser les sens de ses visiteurs. Plus de 70 illusions sont \u00e0 d\u00e9couvrir. On vous pr\u00e9sente le concept, en quelques lignes.<\/p>\n<\/li>\n<li><b><a href=\"https:\/\/actu.fr\/loisirs-culture\/a-une-heure-de-lille-cette-ville-de-bord-de-mer-propose-un-parcours-lumineux-fabuleux_63568288.html\" target=\"_blank\" rel=\"noopener\">\u00c0 une heure de Lille, cette ville de bord de mer propose un parcours lumineux fabuleux<\/a><\/b>\n<p>Offrez un magnifique moment gr\u00e2ce \u00e0 un incroyable parcours lumineux. \u00c0 un peu plus d\u2019une heure de la Capitale des Flandres, c\u2019est ce que propose cette ville de bord de mer en Belgique.<\/p>\n<\/li>\n<li><b><a href=\"https:\/\/actu.fr\/hauts-de-france\/calais_62193\/varan-de-voyage-a-calais-comme-pour-le-dragon-il-sera-bientot-possible-de-monter-a-bord_63426123.html\" target=\"_blank\" rel=\"noopener\">Varan de voyage \u00e0 Calais\u2009: comme pour le Dragon, il est d\u00e9sormais possible de monter \u00e0 bord<\/a><\/b>\n<p>D\u00e8s le samedi 20\u00a0d\u00e9cembre, il est possible de se balader \u00e0 dos du Varan de Voyage, qui succ\u00e8de au Dragon de Calais et sa balade sur le front de mer. On vous pr\u00e9sente ce nouvel arrivant.<\/p>\n<\/li>\n<li><b><a href=\"https:\/\/actu.fr\/hauts-de-france\/lille_59350\/a-lille-les-deux-expositions-temporaires-du-palais-des-beaux-arts-prolongees_63437445.html\" target=\"_blank\" rel=\"noopener\">Deux expositions temporaires \u00e0 voir au Palais des Beaux-arts<\/a><\/b>\n<p>En plus des collections permanentes, deux expositions temporaires sont install\u00e9es dans le mus\u00e9e lillois. Felice Varini s\u2019empare des espaces du mus\u00e9e pour en transformer la perspective, et l\u2019histoire des g\u00e9ants du territoire vous est cont\u00e9e.<\/p>\n<\/li>\n<li><b><a href=\"https:\/\/actu.fr\/hauts-de-france\/villeneuve-d-ascq_59009\/decouvrez-palomano-le-parc-de-jeux-pour-les-enfants-et-les-parents-qui-ouvre-a-villeneuve-dascq_62781849.html\" target=\"_blank\" rel=\"noopener\">D\u00e9couvrez Palomano, le parc de jeux pour les enfants (et les parents\u2009!) \u00e0 Villeneuve-d\u2019Ascq<\/a><\/b>\n<p>Depuis le d\u00e9but de l\u2019\u00e9t\u00e9, le parc de loisirs Palomano est ouvert \u00e0 La Maillerie, \u00e0 Villeneuve-d\u2019Ascq. Dans cette mini-ville immersive, les enfants jouent \u00e0 \u00ab\u2009faire les grands\u2009\u00bb\u2026 Un concept \u00e0 tester\u2009!<\/p>\n<\/li>\n<li><b><a href=\"https:\/\/actu.fr\/hauts-de-france\/tourcoing_59599\/a-tourcoing-des-installations-hypnotiques-et-impressionnantes-dans-la-nouvelle-expo-panorama-27_63454191.html\" target=\"_blank\" rel=\"noopener\">\u00c0 Tourcoing, des installations hypnotiques et impressionnantes dans la nouvelle expo \u00ab\u2009Panorama 27\u2009\u00bb<\/a><\/b>\n<p>\u00ab\u2009Simultan\u00e9it\u00e9\u2009\u00bb est le th\u00e8me de la nouvelle exposition \u00ab\u2009Panorama\u2009\u00bb r\u00e9unissant 50 \u0153uvres in\u00e9dites au Fresnoy de Tourcoing, visible jusque d\u00e9but 2026. Elle vaut le d\u00e9tour\u2009!<\/p>\n<\/li>\n<li><b><a href=\"https:\/\/actu.fr\/hauts-de-france\/saint-andre-lez-lille_59527\/pres-de-lille-la-friche-gourmande-se-transforme-en-station-de-ski-avec-telecabines-et-fromage-fondu_63360813.html\" target=\"_blank\" rel=\"noopener\">La Friche Gourmande se transforme en station de ski avec t\u00e9l\u00e9cabines et fromage fondu<\/a><\/b>\n<p>\u00c0 Saint-Andr\u00e9-lez-Lille, la Friche Gourmande se transforme, du 29\u00a0octobre au 30\u00a0mars, en station de ski urbaine avec curling, raclette et soir\u00e9es enneig\u00e9es au programme.<\/p>\n<\/li>\n<li><b><a href=\"https:\/\/actu.fr\/loisirs-culture\/a-deux-heures-de-lille-decouvrez-la-capitale-europeenne-de-noel-et-ses-installations-majestueuses_63535387.html\" target=\"_blank\" rel=\"noopener\">\u00c0 deux heures de Lille, d\u00e9couvrez la \u00ab\u2009capitale europ\u00e9enne de No\u00ebl\u2009\u00bb et ses installations majestueuses<\/a><\/b>\n<p>Des centaines de milliers de visiteurs s\u2019y pressent chaque ann\u00e9e. On vous emm\u00e8ne \u00e0 la d\u00e9couverte de la capitale europ\u00e9enne de No\u00ebl et ses installations incroyables, situ\u00e9e \u00e0 deux heures de route de la Capitale des Flandres.<\/p>\n<\/li>\n<li><b><a href=\"https:\/\/actu.fr\/loisirs-culture\/belgique-a-une-heure-de-lille-le-sommet-de-ce-terril-offre-une-vue-exceptionnelle-apres-une-belle-balade_62589997.html\" target=\"_blank\" rel=\"noopener\">\u00c0 une heure de Lille, le sommet de ce terril offre une vue exceptionnelle apr\u00e8s une belle balade<\/a><\/b>\n<p>Vous aimez randonner\u2009? \u00c0 une heure de Lille, en Belgique, le sommet d\u2019un terril offre une vue exceptionnelle sur le patrimoine de la ville de Mons. On vous emm\u00e8ne\u2009!<\/p>\n<\/li>\n<li><b><a href=\"https:\/\/actu.fr\/hauts-de-france\/hesdin-la-foret_62447\/dans-le-pas-de-calais-ce-charmant-village-est-lun-des-plus-beaux-de-france_59601843.html\" target=\"_blank\" rel=\"noopener\">Dans le Pas-de-Calais, ce charmant village est l\u2019un des plus beaux de France\u2009!<\/a><\/b>\n<p>La r\u00e9daction vous emm\u00e8ne \u00e0 la d\u00e9couverte d\u2019un nouveau village du d\u00e9partement qui est l\u2019un des plus beaux de France.<\/p>\n<\/li>\n<li><b><a href=\"https:\/\/actu.fr\/hauts-de-france\/lewarde_59345\/lewarde-centre-historique-minier-trois-siecles-dhistoire-la-mine_11648735.html\" target=\"_blank\" rel=\"noopener\">Lewarde\u2009: Centre Historique Minier, trois si\u00e8cles d\u2019histoire de la mine<\/a><\/b>\n<p>Le Centre Historique Minier \u00e0 Lewarde, au c\u0153ur du Bassin minier du Pas-de-Calais, met tout en \u0153uvre pour replonger ses visiteurs \u00e0 l\u2019\u00e9poque des mines. Une visite qui allie p\u00e9dagogie et parcours ludique, id\u00e9ale pour int\u00e9resser petits et grands curieux.<\/p>\n<\/li>\n<li><b><a href=\"https:\/\/actu.fr\/hauts-de-france\/douai_59178\/la-tete-dans-les-etoiles-avec-le-nouveau-planetarium-de-douai_59622103.html\" target=\"_blank\" rel=\"noopener\">La t\u00eate dans les \u00e9toiles au plan\u00e9tarium Orionis\u00a0<\/a><\/b>\n<p>Le plan\u00e9tarium flambant neuf de 1\u2009500\u00a0m2 de Douai, avec immersion \u00e0 360\u00b0, affiche une belle programmation, de films mais aussi d\u2019ateliers. Ces vacances, elle tourne autour de la th\u00e9matique de No\u00ebl.<\/p>\n<\/li>\n<li><b><a href=\"https:\/\/actu.fr\/hauts-de-france\/marcq-en-baroeul_59378\/une-des-plus-belles-patinoires-de-noel-de-la-metropole-de-lille-ouvre-ses-portes-ce-samedi_63516630.html\" target=\"_blank\" rel=\"noopener\">Une des plus belles patinoires de No\u00ebl de la m\u00e9tropole de Lille a ouvert ses portes<\/a><\/b>\n<p>Elle est ind\u00e9niablement l\u2019une des plus belles de la m\u00e9tropole lilloise. Depuis d\u00e9but d\u00e9cembre, la patinoire de No\u00ebl de Marcq-en-Bar\u0153ul est ouverte au public. Une belle id\u00e9e de sortie en famille\u2009!<\/p>\n<\/li>\n<li><b><a href=\"https:\/\/actu.fr\/hauts-de-france\/lille_59350\/le-marche-de-noel-de-lille-2025-ouvre-ce-mercredi-voici-ce-que-vous-trouverez-dans-les-90-chalets_63455582.html\" target=\"_blank\" rel=\"noopener\">Le march\u00e9 de No\u00ebl de Lille est ouvert\u2009: voici ce que vous trouverez dans les 90 chalets<\/a><\/b>\n<p>Le march\u00e9 de No\u00ebl bat son plein, ainsi que les animations th\u00e9matiques du centre-ville. Avant de vous rendre sur place, on fait le point sur ce qu\u2019il y a dans les fameux chalets pour cette \u00e9dition.<\/p>\n<\/li>\n<p>Personnalisez votre actualit\u00e9 en ajoutant vos villes et m\u00e9dias en favori avec <a href=\"https:\/\/moncompte.actu.fr\" title=\"D\u00e9couvez Mon Actu\" rel=\"nofollow noopener\" data-trk=\"{&quot;cta&quot;:{&quot;action&quot;:&quot;https:\\\/\\\/moncompte.actu.fr&quot;,&quot;category&quot;:&quot;mon compte&quot;,&quot;from&quot;:&quot;article footer&quot;,&quot;name&quot;:&quot;Mon actu&quot;,&quot;type&quot;:&quot;cta&quot;}}\" target=\"_blank\">Mon Actu<\/a>.<\/p>\n","protected":false},"excerpt":{"rendered":"Ho\u2009! Ho\u2009! Ho\u2009! Alors que les f\u00eates de fin d\u2019ann\u00e9e se profilent, la r\u00e9daction a rep\u00e9r\u00e9 quelques id\u00e9es&hellip;\n","protected":false},"author":2,"featured_media":605978,"comment_status":"","ping_status":"","sticky":false,"template":"","format":"standard","meta":{"footnotes":""},"categories":[2815],"tags":[1111,11,1777,674,652,1011,27,811,1307,1652,12,15830,25,3176],"class_list":{"0":"post-605977","1":"post","2":"type-post","3":"status-publish","4":"format-standard","5":"has-post-thumbnail","7":"category-lille","8":"tag-actu","9":"tag-actualites","10":"tag-eu","11":"tag-europe","12":"tag-famille","13":"tag-fr","14":"tag-france","15":"tag-hauts-de-france","16":"tag-lille","17":"tag-loisirs-culture","18":"tag-news","19":"tag-noel","20":"tag-republique-francaise","21":"tag-vacances-scolaires"},"share_on_mastodon":{"url":"https:\/\/pubeurope.com\/@fr\/115736775555153285","error":""},"_links":{"self":[{"href":"https:\/\/www.europesays.com\/fr\/wp-json\/wp\/v2\/posts\/605977","targetHints":{"allow":["GET"]}}],"collection":[{"href":"https:\/\/www.europesays.com\/fr\/wp-json\/wp\/v2\/posts"}],"about":[{"href":"https:\/\/www.europesays.com\/fr\/wp-json\/wp\/v2\/types\/post"}],"author":[{"embeddable":true,"href":"https:\/\/www.europesays.com\/fr\/wp-json\/wp\/v2\/users\/2"}],"replies":[{"embeddable":true,"href":"https:\/\/www.europesays.com\/fr\/wp-json\/wp\/v2\/comments?post=605977"}],"version-history":[{"count":0,"href":"https:\/\/www.europesays.com\/fr\/wp-json\/wp\/v2\/posts\/605977\/revisions"}],"wp:featuredmedia":[{"embeddable":true,"href":"https:\/\/www.europesays.com\/fr\/wp-json\/wp\/v2\/media\/605978"}],"wp:attachment":[{"href":"https:\/\/www.europesays.com\/fr\/wp-json\/wp\/v2\/media?parent=605977"}],"wp:term":[{"taxonomy":"category","embeddable":true,"href":"https:\/\/www.europesays.com\/fr\/wp-json\/wp\/v2\/categories?post=605977"},{"taxonomy":"post_tag","embeddable":true,"href":"https:\/\/www.europesays.com\/fr\/wp-json\/wp\/v2\/tags?post=605977"}],"curies":[{"name":"wp","href":"https:\/\/api.w.org\/{rel}","templated":true}]}}