{"id":60598,"date":"2025-04-29T01:07:09","date_gmt":"2025-04-29T01:07:09","guid":{"rendered":"https:\/\/www.europesays.com\/fr\/60598\/"},"modified":"2025-04-29T01:07:09","modified_gmt":"2025-04-29T01:07:09","slug":"atp-madrid-medvedev-il-y-a-dix-ans-des-joueurs-comme-zverev-auraient-probablement-mise-sur-le-service-volee-un-opelka-court-moins-bien-qualcaraz-et-peut-etre-meme-moins-bien-que-moi-mais-il","status":"publish","type":"post","link":"https:\/\/www.europesays.com\/fr\/60598\/","title":{"rendered":"ATP &#8211; Madrid > Medvedev : \u00ab\u00a0Il y a dix ans, des joueurs comme Zverev auraient probablement mis\u00e9 sur le service-vol\u00e9e. Un Opelka court moins bien qu&rsquo;Alcaraz et peut-\u00eatre m\u00eame moins bien que moi, mais il se d\u00e9fend bien aussi\u00a0\u00bb"},"content":{"rendered":"<p>En conf\u00e9\u00adrence de presse \u00e0 Madrid, o\u00f9 il affron\u00adtera Brandon Nakashima en huiti\u00e8mes de finale, Daniil Medvedev a \u00e9voqu\u00e9 l\u2019\u00e9vo\u00adlu\u00adtion du jeu et m\u00eame du sport en g\u00e9n\u00e9ral.\u00a0<\/p>\n<p><strong>\u00ab\u202fTout le monde peut d\u00e9sor\u00admais se d\u00e9fendre avec ses propres armes. Un Reilly Opelka court moins bien qu\u2019Alcaraz et peut\u2010\u00eatre m\u00eame moins bien que moi, mais il se d\u00e9fend bien. Il sait courir, faire des \u00e9changes\u2026 Il y a dix ans, des joueurs comme Zverev auraient proba\u00adble\u00adment mis\u00e9 sur le service\u2010vol\u00e9e. Le jeu \u00e9volue, tout comme d\u2019autres sports tels que le foot\u00adball, o\u00f9 les d\u00e9fen\u00adseurs, il y a 40 ans, ne bougeaient peut\u2010\u00eatre pas de leur posi\u00adtion, alors qu\u2019au\u00adjourd\u2019hui, ils courent pendant 90\u202fminutes d\u2019un bout \u00e0 l\u2019autre du terrain\u202f\u00bb<\/strong>, a d\u00e9clar\u00e9 l\u2019ac\u00adtuel 10e mondial dans des propos relay\u00e9s par <a href=\"https:\/\/www.puntodebreak.com\/2025\/04\/27\/medvedev-posible-documental-volveria-loco\" data-wpel-link=\"external\" target=\"_blank\" rel=\"nofollow external noopener\">Punto de Break<\/a>.<\/p>\n<p class=\"post-published-date\" style=\"color: silver; font-size: 75%; text-align: left;\">Publi\u00e9 le lundi 28 avril 2025 \u00e0 17:14<\/p>\n","protected":false},"excerpt":{"rendered":"En conf\u00e9\u00adrence de presse \u00e0 Madrid, o\u00f9 il affron\u00adtera Brandon Nakashima en huiti\u00e8mes de finale, Daniil Medvedev a&hellip;\n","protected":false},"author":2,"featured_media":60599,"comment_status":"","ping_status":"","sticky":false,"template":"","format":"standard","meta":{"footnotes":""},"categories":[1415],"tags":[1744,3252,1011,27,60,1467,4542],"class_list":{"0":"post-60598","1":"post","2":"type-post","3":"status-publish","4":"format-standard","5":"has-post-thumbnail","7":"category-tennis","8":"tag-alcaraz","9":"tag-daniil-medvedev","10":"tag-fr","11":"tag-france","12":"tag-sports","13":"tag-tennis","14":"tag-zverev"},"share_on_mastodon":{"url":"https:\/\/pubeurope.com\/@fr\/114418577733667361","error":""},"_links":{"self":[{"href":"https:\/\/www.europesays.com\/fr\/wp-json\/wp\/v2\/posts\/60598","targetHints":{"allow":["GET"]}}],"collection":[{"href":"https:\/\/www.europesays.com\/fr\/wp-json\/wp\/v2\/posts"}],"about":[{"href":"https:\/\/www.europesays.com\/fr\/wp-json\/wp\/v2\/types\/post"}],"author":[{"embeddable":true,"href":"https:\/\/www.europesays.com\/fr\/wp-json\/wp\/v2\/users\/2"}],"replies":[{"embeddable":true,"href":"https:\/\/www.europesays.com\/fr\/wp-json\/wp\/v2\/comments?post=60598"}],"version-history":[{"count":0,"href":"https:\/\/www.europesays.com\/fr\/wp-json\/wp\/v2\/posts\/60598\/revisions"}],"wp:featuredmedia":[{"embeddable":true,"href":"https:\/\/www.europesays.com\/fr\/wp-json\/wp\/v2\/media\/60599"}],"wp:attachment":[{"href":"https:\/\/www.europesays.com\/fr\/wp-json\/wp\/v2\/media?parent=60598"}],"wp:term":[{"taxonomy":"category","embeddable":true,"href":"https:\/\/www.europesays.com\/fr\/wp-json\/wp\/v2\/categories?post=60598"},{"taxonomy":"post_tag","embeddable":true,"href":"https:\/\/www.europesays.com\/fr\/wp-json\/wp\/v2\/tags?post=60598"}],"curies":[{"name":"wp","href":"https:\/\/api.w.org\/{rel}","templated":true}]}}