{"id":605983,"date":"2025-12-17T20:25:19","date_gmt":"2025-12-17T20:25:19","guid":{"rendered":"https:\/\/www.europesays.com\/fr\/605983\/"},"modified":"2025-12-17T20:25:19","modified_gmt":"2025-12-17T20:25:19","slug":"refus-dobtemperer-a-marseille-trois-policiers-et-une-femme-blesses-journal-de-20-heures","status":"publish","type":"post","link":"https:\/\/www.europesays.com\/fr\/605983\/","title":{"rendered":"Refus d\u2019obtemp\u00e9rer \u00e0 Marseille : trois policiers et une femme bless\u00e9s &#8211; Journal de 20 heures"},"content":{"rendered":"<p id=\"descriptionPanel\" class=\"text-secondary mr-2 line-clamp-2 pr-2.5 overflow-visible\">Trois policiers ont \u00e9t\u00e9 bless\u00e9s dans la nuit de mardi \u00e0 Marseille, en tentant d\u2019interpeller un automobiliste qui a refus\u00e9 d&rsquo;obtemp\u00e9rer \u00e0 deux reprises. Une conductrice a \u00e9galement \u00e9t\u00e9 bless\u00e9e. Ce soir, le chauffard est toujours en fuite et activement recherch\u00e9. Partout en France, ces refus d\u2019obtemp\u00e9rer se multiplient, 9 % de plus que l\u2019ann\u00e9e derni\u00e8re. Eddy Sid, porte-parole du syndicat Unit\u00e9 Police Marseille (Bouches-du-Rh\u00f4ne), demande une r\u00e9ponse p\u00e9nale plus s\u00e9v\u00e8re.<\/p>\n<p>TF1 | Reportage E. BINET, L. GLASSON, E. DUBOIS<\/p>\n<p>Afficher la version longue du r\u00e9sum\u00e9<a class=\"shrink-0\" href=\"https:\/\/www.tf1.fr\/tf1\/jt-20h\" rel=\"nofollow noopener\" target=\"_blank\"><img decoding=\"async\" src=\"https:\/\/www.europesays.com\/fr\/wp-content\/uploads\/2025\/09\/program-card-portrait-1-2a6a1e-2a3b77-0@1x.jpg\" width=\"138\" height=\"184\" alt=\"\" loading=\"eager\" fetchpriority=\"auto\" class=\"rounded-3px aspect-[3\/4] h-24 w-auto\" aria-hidden=\"true\"\/><\/a><img alt=\"Sous-Titrage T\u00e9l\u00e9texte\" loading=\"lazy\" width=\"27\" height=\"20\" decoding=\"async\" data-nimg=\"1\" style=\"color:transparent\" src=\"https:\/\/www.tf1.fr\/public\/_next\/static\/media\/sme.b8f879c0.svg\"\/><\/p>\n<p>1m53<\/p>\n<p>17 d\u00e9c. 2025 \u00e0 20:03<\/p>\n","protected":false},"excerpt":{"rendered":"Trois policiers ont \u00e9t\u00e9 bless\u00e9s dans la nuit de mardi \u00e0 Marseille, en tentant d\u2019interpeller un automobiliste qui&hellip;\n","protected":false},"author":2,"featured_media":605984,"comment_status":"","ping_status":"","sticky":false,"template":"","format":"standard","meta":{"footnotes":""},"categories":[2814],"tags":[1111,11,1777,674,3483,3697,41323,41321,1011,27,3699,3698,41324,41329,41333,41322,41330,41334,41327,41326,884,12,882,25,41331,41332,3701,41328,3700,41325],"class_list":{"0":"post-605983","1":"post","2":"type-post","3":"status-publish","4":"format-standard","5":"has-post-thumbnail","7":"category-marseille","8":"tag-actu","9":"tag-actualites","10":"tag-eu","11":"tag-europe","12":"tag-extrait","13":"tag-extrait-journal-de-20-heures","14":"tag-extrait-journal-de-20-heures-tf1","15":"tag-extrait-tf1","16":"tag-fr","17":"tag-france","18":"tag-journal-de-20-heures","19":"tag-journal-de-20-heures-extrait","20":"tag-journal-de-20-heures-extrait-tf1","21":"tag-journal-de-20-heures-streaming","22":"tag-journal-de-20-heures-streaming-gratuit","23":"tag-journal-de-20-heures-tf1","24":"tag-journal-de-20-heures-tf1-streaming","25":"tag-journal-de-20-heures-tf1-streaming-gratuit","26":"tag-journal-de-20-heures-tf1-video","27":"tag-journal-de-20-heures-video","28":"tag-marseille","29":"tag-news","30":"tag-provence-alpes-cote-dazur","31":"tag-republique-francaise","32":"tag-streaming-gratuit-journal-de-20-heures","33":"tag-streaming-gratuit-journal-de-20-heures-tf1","34":"tag-streaming-journal-de-20-heures","35":"tag-streaming-journal-de-20-heures-tf1","36":"tag-video-journal-de-20-heures","37":"tag-video-journal-de-20-heures-tf1"},"share_on_mastodon":{"url":"","error":"Validation failed: Text character limit of 500 exceeded"},"_links":{"self":[{"href":"https:\/\/www.europesays.com\/fr\/wp-json\/wp\/v2\/posts\/605983","targetHints":{"allow":["GET"]}}],"collection":[{"href":"https:\/\/www.europesays.com\/fr\/wp-json\/wp\/v2\/posts"}],"about":[{"href":"https:\/\/www.europesays.com\/fr\/wp-json\/wp\/v2\/types\/post"}],"author":[{"embeddable":true,"href":"https:\/\/www.europesays.com\/fr\/wp-json\/wp\/v2\/users\/2"}],"replies":[{"embeddable":true,"href":"https:\/\/www.europesays.com\/fr\/wp-json\/wp\/v2\/comments?post=605983"}],"version-history":[{"count":0,"href":"https:\/\/www.europesays.com\/fr\/wp-json\/wp\/v2\/posts\/605983\/revisions"}],"wp:featuredmedia":[{"embeddable":true,"href":"https:\/\/www.europesays.com\/fr\/wp-json\/wp\/v2\/media\/605984"}],"wp:attachment":[{"href":"https:\/\/www.europesays.com\/fr\/wp-json\/wp\/v2\/media?parent=605983"}],"wp:term":[{"taxonomy":"category","embeddable":true,"href":"https:\/\/www.europesays.com\/fr\/wp-json\/wp\/v2\/categories?post=605983"},{"taxonomy":"post_tag","embeddable":true,"href":"https:\/\/www.europesays.com\/fr\/wp-json\/wp\/v2\/tags?post=605983"}],"curies":[{"name":"wp","href":"https:\/\/api.w.org\/{rel}","templated":true}]}}