{"id":606000,"date":"2025-12-17T20:36:26","date_gmt":"2025-12-17T20:36:26","guid":{"rendered":"https:\/\/www.europesays.com\/fr\/606000\/"},"modified":"2025-12-17T20:36:26","modified_gmt":"2025-12-17T20:36:26","slug":"guerre-en-ukraine-poutine-fanfaronne-zelensky-sinquiete-et-trump-met-la-pression-sur-les-europeens","status":"publish","type":"post","link":"https:\/\/www.europesays.com\/fr\/606000\/","title":{"rendered":"Guerre en Ukraine : Poutine fanfaronne, Zelensky s\u2019inqui\u00e8te et Trump met la pression sur les Europ\u00e9ens"},"content":{"rendered":"<p class=\"mb-4 text-lg md:leading-8 break-words\"><strong>r\u00e9cap &#8211; \u00ab\u00a020 Minutes\u00a0\u00bb fait le point pour vous tous les soirs sur le conflit en Ukraine. Ce mercredi, Vladimir Poutine n\u2019a pas du tout sembl\u00e9 \u00eatre dans des dispositions pacifiques<\/strong><\/p>\n<p class=\"mb-4 text-lg md:leading-8 break-words\">Vous avez rat\u00e9 les derniers \u00e9v\u00e9nements sur la <a href=\"https:\/\/www.20minutes.fr\/monde\/ukraine\/?at_medium=RSS%20feed&amp;at_campaign=ynews&amp;utm_source=yahoo&amp;utm_medium=rss&amp;utm_campaign=news_feed&amp;utm_content=in_article_link\" rel=\"nofollow noopener\" target=\"_blank\" data-ylk=\"slk:guerre en Ukraine;elm:context_link;itc:0;sec:content-canvas\" class=\"link \">guerre en Ukraine<\/a>\u00a0? 20 Minutes fait le point pour vous tous les soirs. Voici l\u2019essentiel de ce mercredi 17\u00a0d\u00e9cembre, au 1.393e jour du conflit.<\/p>\n<p>Le fait du jour<\/p>\n<p class=\"mb-4 text-lg md:leading-8 break-words\">Si certains doutaient de sa d\u00e9termination, la clarification est sans appel. <a href=\"https:\/\/www.20minutes.fr\/monde\/vladimir_poutine\/?at_medium=RSS%20feed&amp;at_campaign=ynews&amp;utm_source=yahoo&amp;utm_medium=rss&amp;utm_campaign=news_feed&amp;utm_content=in_article_link\" rel=\"nofollow noopener\" target=\"_blank\" data-ylk=\"slk:Vladimir Poutine;elm:context_link;itc:0;sec:content-canvas\" class=\"link \">Vladimir Poutine<\/a> a assen\u00e9 ce mercredi que les objectifs de son \u00ab\u00a0op\u00e9ration sp\u00e9ciale\u00a0\u00bb en Ukraine seraient \u00ab\u00a0sans aucun doute atteints\u00a0\u00bb, notamment les objectifs territoriaux. \u00ab\u00a0Nous pr\u00e9f\u00e9rerions y parvenir et \u00e9liminer les causes profondes du conflit par la voie diplomatique\u00a0\u00bb mais, a ajout\u00e9 le ma\u00eetre du <a href=\"https:\/\/www.20minutes.fr\/dossier\/kremlin?at_medium=RSS%20feed&amp;at_campaign=ynews&amp;utm_source=yahoo&amp;utm_medium=rss&amp;utm_campaign=news_feed&amp;utm_content=in_article_link\" rel=\"nofollow noopener\" target=\"_blank\" data-ylk=\"slk:Kremlin;elm:context_link;itc:0;sec:content-canvas\" class=\"link \">Kremlin<\/a>, si \u00ab\u00a0le pays adverse et ses protecteurs \u00e9trangers refusent de s\u2019engager dans des discussions substantielles\u00a0\u00bb, la <a href=\"https:\/\/www.20minutes.fr\/monde\/russie\/?at_medium=RSS%20feed&amp;at_campaign=ynews&amp;utm_source=yahoo&amp;utm_medium=rss&amp;utm_campaign=news_feed&amp;utm_content=in_article_link\" rel=\"nofollow noopener\" target=\"_blank\" data-ylk=\"slk:Russie;elm:context_link;itc:0;sec:content-canvas\" class=\"link \">Russie<\/a> obtiendra \u00ab\u00a0par la voie militaire\u00a0\u00bb les \u00ab\u00a0terres historiques\u00a0\u00bb qu\u2019elle revendique.<\/p>\n<p class=\"mb-4 text-lg md:leading-8 break-words\">Pour les optimistes, le pr\u00e9sident russe a toutefois assur\u00e9 que son pays restait pr\u00eat \u00e0 \u00ab\u00a0mener des n\u00e9gociations et \u00e0 r\u00e9soudre tous les probl\u00e8mes par des moyens pacifiques\u00a0\u00bb.<\/p>\n<p>La d\u00e9claration du jour<\/p>\n<blockquote class=\"mb-4 border-l-2 pl-5 italic text-tertiary\">\n<p class=\"mb-4 text-lg md:leading-8 break-words\">Nous avons entendu un nouveau signal de Moscou disant qu\u2019ils se pr\u00e9parent \u00e0 faire de l\u2019ann\u00e9e prochaine une nouvelle ann\u00e9e de guerre<\/p>\n<\/blockquote>\n<p class=\"mb-4 text-lg md:leading-8 break-words\">C\u2019est ainsi que Volodymyr Zelensky a traduit les propos de son homologue russe. \u00ab\u00a0Il est important que nos partenaires en prennent conscience et qu\u2019ils r\u00e9agissent, notamment nos partenaires aux \u00c9tats-Unis, qui affirment souvent que la Russie pr\u00e9tend vouloir mettre fin \u00e0 la guerre\u00a0\u00bb, a poursuivi le pr\u00e9sident ukrainien lors de son allocution quotidienne. Selon lui, le(&#8230;)<\/p>\n<p class=\"mb-4 text-lg md:leading-8 break-words\"><a href=\"https:\/\/www.20minutes.fr\/monde\/ukraine\/4192075-20251217-guerre-ukraine-poutine-fanfaronne-zelensky-inquiete-trump-met-pression-europeens?at_medium=RSS%20feed&amp;at_campaign=ynews&amp;utm_source=yahoo&amp;utm_medium=rss&amp;utm_campaign=news_feed&amp;utm_content=read_more_link&quot;\" rel=\"nofollow noopener\" target=\"_blank\" data-ylk=\"slk:Lire la suite sur 20minutes;elm:context_link;itc:0;sec:content-canvas\" class=\"link \">Lire la suite sur 20minutes<\/a><\/p>\n<p>\u00c0 lire aussi :<br \/><a href=\"https:\/\/www.20minutes.fr\/monde\/ukraine\/4191824-20251216-guerre-ukraine-xavier-moreau-relais-propagande-kremlin-sanctionne-union-europeenne?at_medium=RSS%20feed&amp;at_campaign=ynews&amp;utm_source=yahoo&amp;utm_medium=rss&amp;utm_campaign=news_feed&amp;utm_content=related_content_link\" rel=\"nofollow noopener\" target=\"_blank\" data-ylk=\"slk:Guerre en Ukraine\u00a0: Qui est Xavier Moreau, \u00ab\u00a0relais de la propagande du Kremlin\u00a0\u00bb, sanctionn\u00e9 par l\u2019Union europ\u00e9enne\u00a0?;elm:context_link;itc:0;sec:content-canvas\" class=\"link \">Guerre en Ukraine\u00a0: Qui est Xavier Moreau, \u00ab\u00a0relais de la propagande du Kremlin\u00a0\u00bb, sanctionn\u00e9 par l\u2019Union europ\u00e9enne\u00a0?<\/a><br \/><a href=\"https:\/\/www.20minutes.fr\/monde\/ukraine\/4191850-20251216-guerre-ukraine-russie-rallume-clim-negociations-paix-prix-petrole-chute?at_medium=RSS%20feed&amp;at_campaign=ynews&amp;utm_source=yahoo&amp;utm_medium=rss&amp;utm_campaign=news_feed&amp;utm_content=related_content_link\" rel=\"nofollow noopener\" target=\"_blank\" data-ylk=\"slk:Guerre en Ukraine\u00a0: La Russie rallume la clim sur les n\u00e9gociations de paix et le prix du p\u00e9trole chute;elm:context_link;itc:0;sec:content-canvas\" class=\"link \">Guerre en Ukraine\u00a0: La Russie rallume la clim sur les n\u00e9gociations de paix et le prix du p\u00e9trole chute<\/a><\/p>\n","protected":false},"excerpt":{"rendered":"r\u00e9cap &#8211; \u00ab\u00a020 Minutes\u00a0\u00bb fait le point pour vous tous les soirs sur le conflit en Ukraine. Ce&hellip;\n","protected":false},"author":2,"featured_media":606001,"comment_status":"","ping_status":"","sticky":false,"template":"","format":"standard","meta":{"footnotes":""},"categories":[1590],"tags":[642,11,1777,674,7403,2489,12,220,135],"class_list":{"0":"post-606000","1":"post","2":"type-post","3":"status-publish","4":"format-standard","5":"has-post-thumbnail","7":"category-ukraine","8":"tag-20-minutes","9":"tag-actualites","10":"tag-eu","11":"tag-europe","12":"tag-la-guerre","13":"tag-la-russie","14":"tag-news","15":"tag-ukraine","16":"tag-vladimir-poutine"},"share_on_mastodon":{"url":"https:\/\/pubeurope.com\/@fr\/115736830630316225","error":""},"_links":{"self":[{"href":"https:\/\/www.europesays.com\/fr\/wp-json\/wp\/v2\/posts\/606000","targetHints":{"allow":["GET"]}}],"collection":[{"href":"https:\/\/www.europesays.com\/fr\/wp-json\/wp\/v2\/posts"}],"about":[{"href":"https:\/\/www.europesays.com\/fr\/wp-json\/wp\/v2\/types\/post"}],"author":[{"embeddable":true,"href":"https:\/\/www.europesays.com\/fr\/wp-json\/wp\/v2\/users\/2"}],"replies":[{"embeddable":true,"href":"https:\/\/www.europesays.com\/fr\/wp-json\/wp\/v2\/comments?post=606000"}],"version-history":[{"count":0,"href":"https:\/\/www.europesays.com\/fr\/wp-json\/wp\/v2\/posts\/606000\/revisions"}],"wp:featuredmedia":[{"embeddable":true,"href":"https:\/\/www.europesays.com\/fr\/wp-json\/wp\/v2\/media\/606001"}],"wp:attachment":[{"href":"https:\/\/www.europesays.com\/fr\/wp-json\/wp\/v2\/media?parent=606000"}],"wp:term":[{"taxonomy":"category","embeddable":true,"href":"https:\/\/www.europesays.com\/fr\/wp-json\/wp\/v2\/categories?post=606000"},{"taxonomy":"post_tag","embeddable":true,"href":"https:\/\/www.europesays.com\/fr\/wp-json\/wp\/v2\/tags?post=606000"}],"curies":[{"name":"wp","href":"https:\/\/api.w.org\/{rel}","templated":true}]}}