{"id":606009,"date":"2025-12-17T20:41:30","date_gmt":"2025-12-17T20:41:30","guid":{"rendered":"https:\/\/www.europesays.com\/fr\/606009\/"},"modified":"2025-12-17T20:41:30","modified_gmt":"2025-12-17T20:41:30","slug":"lunion-europeenne-se-trumpise-t-elle-debat-du-jour","status":"publish","type":"post","link":"https:\/\/www.europesays.com\/fr\/606009\/","title":{"rendered":"L\u2019Union europ\u00e9enne se trumpise-t-elle\u00a0? &#8211; D\u00e9bat du jour"},"content":{"rendered":"<p>\n                                                Le dernier sommet europ\u00e9en se tient \u00e0 partir de ce jeudi (18 d\u00e9cembre 2025) \u00e0 Bruxelles. Une ann\u00e9e marqu\u00e9e par la d\u00e9fiance des \u00c9tats-Unis \u00e0 l\u2019\u00e9gard des 27. Mais une ann\u00e9e qui a \u00e9galement r\u00e9v\u00e9l\u00e9 la d\u00e9pendance\u00a0de Bruxelles vis-\u00e0-vis de Washington. Jusqu\u2019o\u00f9\u00a0? Reculs environnementaux, simplification des r\u00e8glementations\u00a0: ces d\u00e9cisions sont-elles destin\u00e9es \u00e0 satisfaire l\u2019alli\u00e9 am\u00e9ricain\u00a0? Comment l\u2019influence de Donald Trump sur le Vieux Continent\u00a0se traduit-elle ?                    <\/p>\n<p><strong>Pour en d\u00e9battre<\/strong><strong> :<\/strong><\/p>\n<p><strong>&#8211; Lucile Schmid<\/strong>, cofondatrice du think tank\u00a0La fabrique \u00e9cologique<\/p>\n<p><strong>&#8211; Thomas Pellerin-Carlin<\/strong>, d\u00e9put\u00e9 europ\u00e9en\u00a0Place Publique\u00a0au sein du groupe social-d\u00e9mocrate\u00a0<\/p>\n<p><strong>&#8211; Laurent Warlouzet,\u00a0<\/strong>\u00a0professeur d&rsquo;Histoire europ\u00e9enne \u00e0 Sorbonne Universit\u00e9. Auteur du livre\u00a0Europe contre Europe, CNRS \u00e9ditions.\u00a0<\/p>\n","protected":false},"excerpt":{"rendered":"Le dernier sommet europ\u00e9en se tient \u00e0 partir de ce jeudi (18 d\u00e9cembre 2025) \u00e0 Bruxelles. Une ann\u00e9e&hellip;\n","protected":false},"author":2,"featured_media":606010,"comment_status":"","ping_status":"","sticky":false,"template":"","format":"standard","meta":{"footnotes":""},"categories":[1586],"tags":[11,23794,75,73,1777,674,1779,1011,27,12,25,1778,364],"class_list":{"0":"post-606009","1":"post","2":"type-post","3":"status-publish","4":"format-standard","5":"has-post-thumbnail","7":"category-europe","8":"tag-actualites","9":"tag-debat-du-jour","10":"tag-donald-trump","11":"tag-etats-unis","12":"tag-eu","13":"tag-europe","14":"tag-european-union","15":"tag-fr","16":"tag-france","17":"tag-news","18":"tag-republique-francaise","19":"tag-ue","20":"tag-union-europeenne"},"share_on_mastodon":{"url":"https:\/\/pubeurope.com\/@fr\/115736850344854038","error":""},"_links":{"self":[{"href":"https:\/\/www.europesays.com\/fr\/wp-json\/wp\/v2\/posts\/606009","targetHints":{"allow":["GET"]}}],"collection":[{"href":"https:\/\/www.europesays.com\/fr\/wp-json\/wp\/v2\/posts"}],"about":[{"href":"https:\/\/www.europesays.com\/fr\/wp-json\/wp\/v2\/types\/post"}],"author":[{"embeddable":true,"href":"https:\/\/www.europesays.com\/fr\/wp-json\/wp\/v2\/users\/2"}],"replies":[{"embeddable":true,"href":"https:\/\/www.europesays.com\/fr\/wp-json\/wp\/v2\/comments?post=606009"}],"version-history":[{"count":0,"href":"https:\/\/www.europesays.com\/fr\/wp-json\/wp\/v2\/posts\/606009\/revisions"}],"wp:featuredmedia":[{"embeddable":true,"href":"https:\/\/www.europesays.com\/fr\/wp-json\/wp\/v2\/media\/606010"}],"wp:attachment":[{"href":"https:\/\/www.europesays.com\/fr\/wp-json\/wp\/v2\/media?parent=606009"}],"wp:term":[{"taxonomy":"category","embeddable":true,"href":"https:\/\/www.europesays.com\/fr\/wp-json\/wp\/v2\/categories?post=606009"},{"taxonomy":"post_tag","embeddable":true,"href":"https:\/\/www.europesays.com\/fr\/wp-json\/wp\/v2\/tags?post=606009"}],"curies":[{"name":"wp","href":"https:\/\/api.w.org\/{rel}","templated":true}]}}