{"id":606022,"date":"2025-12-17T20:53:12","date_gmt":"2025-12-17T20:53:12","guid":{"rendered":"https:\/\/www.europesays.com\/fr\/606022\/"},"modified":"2025-12-17T20:53:12","modified_gmt":"2025-12-17T20:53:12","slug":"de-zerbi-recoit-trois-magnifiques-nouvelles","status":"publish","type":"post","link":"https:\/\/www.europesays.com\/fr\/606022\/","title":{"rendered":"De Zerbi re\u00e7oit trois magnifiques nouvelles"},"content":{"rendered":"<p><b>L&rsquo;OM va pouvoir aborder l&rsquo;ann\u00e9e 2026 avec un effectif plus large que lors des derni\u00e8res semaines gr\u00e2ce aux retours de blessure de Facundo Medina, Amine Gouiri et Hamed Traor\u00e9.<\/b><\/p>\n<p>Roberto De Zerbi avait trois bonnes raisons d&rsquo;avoir le sourire ce mercredi apr\u00e8s-midi \u00e0 l&rsquo;occasion de l&rsquo;entra\u00eenement de l&rsquo;Olympique de Marseille \u00e0 l&rsquo;Orange V\u00e9lodrome. Et pour cause, l&rsquo;entra\u00eeneur italien a enregistr\u00e9 les retours de trois joueurs bless\u00e9s depuis de longs mois. Amine Gouiri (\u00e9paule), Hamed Traor\u00e9 (cuisse) et Facundo Medina (cheville), qui ont rat\u00e9 la premi\u00e8re saison dans leur int\u00e9gralit\u00e9 ou presque, \u00e9taient tous les trois pr\u00e9sents lors de l&rsquo;entra\u00eenement collectif.<\/p>\n<p>Ils pourraient figurer dans le groupe contre Bourg en Bresse lors du 32e de finale de Coupe de France dimanche apr\u00e8s-midi (14h45) m\u00eame si bien s\u00fbr, aucun risque ne sera pris les concernant. L&rsquo;OM peut donc en tout cas se r\u00e9jouir de retrouver trois \u00e9l\u00e9ments potentiellement titulaires qui vont offrir plus de choix \u00e0 Roberto De Zerbi dans ses compositions d&rsquo;\u00e9quipe d\u00e8s janvier prochain.<\/p>\n","protected":false},"excerpt":{"rendered":"L&rsquo;OM va pouvoir aborder l&rsquo;ann\u00e9e 2026 avec un effectif plus large que lors des derni\u00e8res semaines gr\u00e2ce aux&hellip;\n","protected":false},"author":2,"featured_media":606023,"comment_status":"","ping_status":"","sticky":false,"template":"","format":"standard","meta":{"footnotes":""},"categories":[1410],"tags":[8936,63,1011,27,66,149,60],"class_list":{"0":"post-606022","1":"post","2":"type-post","3":"status-publish","4":"format-standard","5":"has-post-thumbnail","7":"category-football","8":"tag-breaking-news","9":"tag-football","10":"tag-fr","11":"tag-france","12":"tag-ligue-1","13":"tag-om","14":"tag-sports"},"share_on_mastodon":{"url":"https:\/\/pubeurope.com\/@fr\/115736897340544259","error":""},"_links":{"self":[{"href":"https:\/\/www.europesays.com\/fr\/wp-json\/wp\/v2\/posts\/606022","targetHints":{"allow":["GET"]}}],"collection":[{"href":"https:\/\/www.europesays.com\/fr\/wp-json\/wp\/v2\/posts"}],"about":[{"href":"https:\/\/www.europesays.com\/fr\/wp-json\/wp\/v2\/types\/post"}],"author":[{"embeddable":true,"href":"https:\/\/www.europesays.com\/fr\/wp-json\/wp\/v2\/users\/2"}],"replies":[{"embeddable":true,"href":"https:\/\/www.europesays.com\/fr\/wp-json\/wp\/v2\/comments?post=606022"}],"version-history":[{"count":0,"href":"https:\/\/www.europesays.com\/fr\/wp-json\/wp\/v2\/posts\/606022\/revisions"}],"wp:featuredmedia":[{"embeddable":true,"href":"https:\/\/www.europesays.com\/fr\/wp-json\/wp\/v2\/media\/606023"}],"wp:attachment":[{"href":"https:\/\/www.europesays.com\/fr\/wp-json\/wp\/v2\/media?parent=606022"}],"wp:term":[{"taxonomy":"category","embeddable":true,"href":"https:\/\/www.europesays.com\/fr\/wp-json\/wp\/v2\/categories?post=606022"},{"taxonomy":"post_tag","embeddable":true,"href":"https:\/\/www.europesays.com\/fr\/wp-json\/wp\/v2\/tags?post=606022"}],"curies":[{"name":"wp","href":"https:\/\/api.w.org\/{rel}","templated":true}]}}