{"id":606024,"date":"2025-12-17T20:54:10","date_gmt":"2025-12-17T20:54:10","guid":{"rendered":"https:\/\/www.europesays.com\/fr\/606024\/"},"modified":"2025-12-17T20:54:10","modified_gmt":"2025-12-17T20:54:10","slug":"exclusif-le-chroniqueur-judiciaire-de-bfmtv-dominique-rizet-revele-ses-rapports-tendus-avec-marc-olivier-fogiel-quand-il-dirigeait-la-chaine-je-lui-ai-dit-tu-nes-pas-mon-pere-et-je-n","status":"publish","type":"post","link":"https:\/\/www.europesays.com\/fr\/606024\/","title":{"rendered":"EXCLUSIF &#8211; Le chroniqueur judiciaire de BFMTV, Dominique Rizet r\u00e9v\u00e8le ses rapports tendus avec Marc-Olivier Fogiel, quand il dirigeait la cha\u00eene : \u00ab\u00a0Je lui ai dit, &lsquo;tu n\u2019es pas mon p\u00e8re et je ne suis pas ton mec !&rsquo; \u00ab\u00a0"},"content":{"rendered":"<p>Invit\u00e9 de Jordan de Luxe dans \u00ab\u00a0Le Jet de luxe\u00a0\u00bb, Dominique Rizet a r\u00e9v\u00e9l\u00e9 ses rapports tendus avec Marc-Olivier Fogiel, quand ce dernier \u00e9tait patron de la cha\u00eene info BFMTV.<\/p>\n<p>\u00ab\u00a0Il y a des choses qui ne m&rsquo;ont pas plu avec Marc-Olivier Fogiel. Je suis rentr\u00e9 dans son bureau. Je lui ai dit une fois : &lsquo;tu n&rsquo;es pas mon p\u00e8re et je ne suis pas ton mec&rsquo;. Il a eu une fa\u00e7on de g\u00e9rer un peu brutale. Moi, je lui ai dit, je lui ai parl\u00e9 clairement. Je ne suis pas salari\u00e9 \u00e0 BFMTV. Je suis consultant. Donc, je vis ma vie et je fais ce que j&rsquo;ai envie de faire\u00a0\u00bb, a d\u00e9clar\u00e9 le chroniqueur judiciaire de BFMTV dans cet extrait que<strong> Jeanmarcmorandini.com<\/strong> vous propose de d\u00e9couvrir <strong>en exclusivit\u00e9<\/strong>.\u00a0<\/p>\n<p>Dominique Rizet a ensuite r\u00e9v\u00e9l\u00e9 une conversation qu&rsquo;il avait eue avec Marc-Olivier Fogiel. \u00ab\u00a0Une fois, j&rsquo;ai dit un truc sur Eric Dupond-Moretti qui n&rsquo;avait pas plu \u00e0 Dupond-Moretti, ministre de la Justice, qui est mon pote. Et il a appel\u00e9 Marc-Olivier Fogiel. Et Marc-O m&rsquo;a appel\u00e9. Et je lui ai dit &lsquo;Arr\u00eate, s&rsquo;il te pla\u00eet, on ne va pas commencer comme \u00e7a. Si Dupond-Moretti a quelque chose \u00e0 me dire, il m&rsquo;appelle moi'\u00a0\u00bb, s&rsquo;est-il souvenu.<\/p>\n<p>Le chroniqueur judiciaire a \u00e9voqu\u00e9 la s\u00e9quence en question qui avait provoqu\u00e9 l&rsquo;appel de l&rsquo;ex-garde des Sceaux. Alors ministre de la Justice, Eric Dupond-Moretti s&rsquo;\u00e9tait rendu sur un march\u00e9 \u00e0 Lille en pleine campagne pour les r\u00e9gionales o\u00f9 il se pr\u00e9sentait contre le RN.<\/p>\n<p>\u00ab\u00a0Il y avait des officiers de s\u00e9curit\u00e9 partout. Et le pr\u00e9sentateur de BFMTV m&rsquo;a dit &lsquo;c&rsquo;est dur de prot\u00e9ger un ministre ?&rsquo;. Je lui ai r\u00e9pondu que non, ce n&rsquo;est pas dur : il a tout son staff, le SDLP, avec ses officiers. Et les voitures, c&rsquo;est les voitures du minist\u00e8re de la Justice. Donc, tout \u00e7a, c&rsquo;est pay\u00e9 par nos imp\u00f4ts'\u00a0\u00bb, a-t-il d\u00e9clar\u00e9.<\/p>\n<p>Et d&rsquo;ajouter : \u00ab\u00a0J&rsquo;ai fait une erreur : les voitures, elles \u00e9taient lou\u00e9es. Mais les officiers de s\u00e9curit\u00e9, c&rsquo;\u00e9tait ses officiers. Le ministre de la Justice a appel\u00e9 Marc-Olivier Fogiel qui m&rsquo;a t\u00e9l\u00e9phon\u00e9. Il m&rsquo;a dit que les voitures, ce ne sont pas les voitures du minist\u00e8re : ils les avaient lou\u00e9es\u00a0\u00bb.\u00a0<\/p>\n","protected":false},"excerpt":{"rendered":"Invit\u00e9 de Jordan de Luxe dans \u00ab\u00a0Le Jet de luxe\u00a0\u00bb, Dominique Rizet a r\u00e9v\u00e9l\u00e9 ses rapports tendus avec&hellip;\n","protected":false},"author":2,"featured_media":606025,"comment_status":"","ping_status":"","sticky":false,"template":"","format":"standard","meta":{"footnotes":""},"categories":[1359],"tags":[10831,58,71750,59,1011,27,45887,973,9965,133],"class_list":{"0":"post-606024","1":"post","2":"type-post","3":"status-publish","4":"format-standard","5":"has-post-thumbnail","7":"category-people","8":"tag-bfmtv","9":"tag-divertissement","10":"tag-dominique-rizet","11":"tag-entertainment","12":"tag-fr","13":"tag-france","14":"tag-marc-olivier-fogiel","15":"tag-people","16":"tag-tensions","17":"tag-video"},"share_on_mastodon":{"url":"https:\/\/pubeurope.com\/@fr\/115736901341149218","error":""},"_links":{"self":[{"href":"https:\/\/www.europesays.com\/fr\/wp-json\/wp\/v2\/posts\/606024","targetHints":{"allow":["GET"]}}],"collection":[{"href":"https:\/\/www.europesays.com\/fr\/wp-json\/wp\/v2\/posts"}],"about":[{"href":"https:\/\/www.europesays.com\/fr\/wp-json\/wp\/v2\/types\/post"}],"author":[{"embeddable":true,"href":"https:\/\/www.europesays.com\/fr\/wp-json\/wp\/v2\/users\/2"}],"replies":[{"embeddable":true,"href":"https:\/\/www.europesays.com\/fr\/wp-json\/wp\/v2\/comments?post=606024"}],"version-history":[{"count":0,"href":"https:\/\/www.europesays.com\/fr\/wp-json\/wp\/v2\/posts\/606024\/revisions"}],"wp:featuredmedia":[{"embeddable":true,"href":"https:\/\/www.europesays.com\/fr\/wp-json\/wp\/v2\/media\/606025"}],"wp:attachment":[{"href":"https:\/\/www.europesays.com\/fr\/wp-json\/wp\/v2\/media?parent=606024"}],"wp:term":[{"taxonomy":"category","embeddable":true,"href":"https:\/\/www.europesays.com\/fr\/wp-json\/wp\/v2\/categories?post=606024"},{"taxonomy":"post_tag","embeddable":true,"href":"https:\/\/www.europesays.com\/fr\/wp-json\/wp\/v2\/tags?post=606024"}],"curies":[{"name":"wp","href":"https:\/\/api.w.org\/{rel}","templated":true}]}}