{"id":606026,"date":"2025-12-17T20:55:14","date_gmt":"2025-12-17T20:55:14","guid":{"rendered":"https:\/\/www.europesays.com\/fr\/606026\/"},"modified":"2025-12-17T20:55:14","modified_gmt":"2025-12-17T20:55:14","slug":"belfort-xavier-gorau-ancien-photographe-de-lest-republicain-nous-a-quittes","status":"publish","type":"post","link":"https:\/\/www.europesays.com\/fr\/606026\/","title":{"rendered":"Belfort. Xavier Gorau, ancien photographe de L&rsquo;Est r\u00e9publicain, nous a quitt\u00e9s"},"content":{"rendered":"<p>Xavier Gorau, ancien photographe \u00e0 L\u2019Est R\u00e9publicain, nous a quitt\u00e9s.Grand admirateur d\u2019Audiard, il \u00e9tait r\u00e9put\u00e9 pour son humour ac\u00e9r\u00e9 mais toujours bienveillant.<\/p>\n<p>Les cons \u00e7a ose \u00e7a ose tout, c\u2019est m\u00eame \u00e0 \u00e7a qu\u2019on les reconna\u00eet !  Tu as os\u00e9, Xavier, os\u00e9 nous quitter comme \u00e7a, comme dans une mauvaise blague.<\/p>\n<p>Quelques heures apr\u00e8s ce coup de fil, dimanche apr\u00e8s-midi. Le dernier. Faut reconna\u00eetre,  c \u2019est du brutal ! \u00a0 En pleine paix, y parle et pis crac, un bourre-pif, mais il est compl\u00e8tement fou ce mec !<\/p>\n<p><a href=\"https:\/\/www.estrepublicain.fr\/edition-belfort-hericourt-montbeliard\/2019\/01\/06\/belfort-photographe-a-l-est-republicain-xavier-gorau-range-ses-objectifs\" target=\"_blank\" rel=\"noopener\">Les r\u00e9pliques des Tontons flingueurs, tu les connaissais par c\u0153ur<\/a>. Rab\u00e2chant la mythique sc\u00e8ne de la cuisine avec Lulu la Nantaise. Faut quand m\u00eame admettre que c\u2019est plut\u00f4t une boisson d\u2019homme.  Alors, nous aussi, le dimanche, quand le travail laissait un peu de r\u00e9pit, on reprenait en ch\u0153ur, avec toi, ces phrases cultissimes.<\/p>\n<p>Les Tontons, c\u2019\u00e9tait ton univers. Ils \u00e9taient comme toi. Sans d\u00e9tour, \u00e0 manier l\u2019humour grin\u00e7ant, mais jamais vexant. J\u2019tiens plus en l\u2019air, t\u2019as pas queq\u2019chose \u00e0 becqueter ?  Bons vivants, comme toi, amoureux de la bonne ch\u00e8re, aux fourneaux comme dans l\u2019assiette.<\/p>\n<p>C\u2019est curieux cette manie qu\u2019ont les marins de toujours vouloir faire des phrases. Tes jeunes ann\u00e9es, de 17 \u00e0 20 ans, tu les as pass\u00e9es sous le pavillon de la marine. Avant de rejoindre L\u2019Est r\u00e9publicain, comme laborantin. \u00c0 Nancy, en 1974, puis Besan\u00e7on en 1976, avant d\u2019\u00eatre nomm\u00e9 photographe \u00e0 Belfort en 1979.<\/p>\n<p>  James Bond et nain de jardin<\/p>\n<p>Quarante ans \u00e0 t\u00e9moigner du quotidien des Belfortains. Le meilleur comme le pire. Clic-clac, merci Kodak ! Apr\u00e8s le cliquetis du d\u00e9clencheur, c\u2019est celui de la machine \u00e0 \u00e9crire qui r\u00e9sonnait dans ton bureau. Pour renseigner sujet, date et lieu, sur ces enveloppes de n\u00e9gatifs.<\/p>\n<p>Un travail \u00e0 l\u2019ancienne qui ne t\u2019a pas emp\u00each\u00e9 de continuer \u00e0 t\u2019exprimer sur les r\u00e9seaux sociaux. L\u00e0 encore pour poster instantan\u00e9s ou mises en sc\u00e8ne d\u00e9capantes, ta marque de fabrique.<\/p>\n<p>Le 1er janvier 2019, tu as dit au revoir \u00e0 l\u2019Est, sans couper les ponts avec les anciens coll\u00e8gues. Qui n\u2019ont pas oubli\u00e9 cette s\u00e9ance de pose, fa\u00e7on James Bond, t\u00e9l\u00e9objectif pr\u00eat \u00e0 d\u00e9gainer ! Ou ce nain de pacotille qui passait de bureau en bureau, pour honorer le pire reportage de la journ\u00e9e !<\/p>\n<p>Papa de deux gar\u00e7ons et une fille, tu savais devenir papy poule avec tes sept petits-enfants.<\/p>\n<p>Il y a quatre ans, tu avais quitt\u00e9 le Territoire pour les Landes, terre de gastronomie. Sans jamais oublier ta ville de c\u0153ur. Il y a deux mois, tu avais \u00e0 nouveau pos\u00e9 tes valises dans ta maison du Mont.<\/p>\n<p>Il vaut mieux s\u2019en aller la t\u00eate basse que les pieds devant. Tu n\u2019as jamais baiss\u00e9 la t\u00eate.  Mais \u00e0 71 ans, Xav, tu as \u00e9crit trop vite le mot fin. Tu aurais sans doute aim\u00e9 cette r\u00e9plique d\u2019Audiard en guise d\u2019\u00e9pitaphe : Apr\u00e8s la mort, l\u2019esprit quitte le corps, sauf chez les cons, chez eux, \u00e7a se passe d\u00e9j\u00e0 de leur vivant !<\/p>\n","protected":false},"excerpt":{"rendered":"Xavier Gorau, ancien photographe \u00e0 L\u2019Est R\u00e9publicain, nous a quitt\u00e9s.Grand admirateur d\u2019Audiard, il \u00e9tait r\u00e9put\u00e9 pour son humour&hellip;\n","protected":false},"author":2,"featured_media":606027,"comment_status":"","ping_status":"","sticky":false,"template":"","format":"standard","meta":{"footnotes":""},"categories":[1358],"tags":[1348,1384,1385,22758,22759,1386,58,10332,59,1011,27,1391,11058,104],"class_list":{"0":"post-606026","1":"post","2":"type-post","3":"status-publish","4":"format-standard","5":"has-post-thumbnail","7":"category-arts-et-design","8":"tag-arts","9":"tag-arts-and-design","10":"tag-arts-et-design","11":"tag-belfort","12":"tag-belfort-ville-90a","13":"tag-design","14":"tag-divertissement","15":"tag-edition-belfort-hericourt-montbeliard","16":"tag-entertainment","17":"tag-fr","18":"tag-france","19":"tag-necrologie","20":"tag-region-franche-comte","21":"tag-societe"},"share_on_mastodon":{"url":"https:\/\/pubeurope.com\/@fr\/115736905168171787","error":""},"_links":{"self":[{"href":"https:\/\/www.europesays.com\/fr\/wp-json\/wp\/v2\/posts\/606026","targetHints":{"allow":["GET"]}}],"collection":[{"href":"https:\/\/www.europesays.com\/fr\/wp-json\/wp\/v2\/posts"}],"about":[{"href":"https:\/\/www.europesays.com\/fr\/wp-json\/wp\/v2\/types\/post"}],"author":[{"embeddable":true,"href":"https:\/\/www.europesays.com\/fr\/wp-json\/wp\/v2\/users\/2"}],"replies":[{"embeddable":true,"href":"https:\/\/www.europesays.com\/fr\/wp-json\/wp\/v2\/comments?post=606026"}],"version-history":[{"count":0,"href":"https:\/\/www.europesays.com\/fr\/wp-json\/wp\/v2\/posts\/606026\/revisions"}],"wp:featuredmedia":[{"embeddable":true,"href":"https:\/\/www.europesays.com\/fr\/wp-json\/wp\/v2\/media\/606027"}],"wp:attachment":[{"href":"https:\/\/www.europesays.com\/fr\/wp-json\/wp\/v2\/media?parent=606026"}],"wp:term":[{"taxonomy":"category","embeddable":true,"href":"https:\/\/www.europesays.com\/fr\/wp-json\/wp\/v2\/categories?post=606026"},{"taxonomy":"post_tag","embeddable":true,"href":"https:\/\/www.europesays.com\/fr\/wp-json\/wp\/v2\/tags?post=606026"}],"curies":[{"name":"wp","href":"https:\/\/api.w.org\/{rel}","templated":true}]}}