{"id":606028,"date":"2025-12-17T20:57:12","date_gmt":"2025-12-17T20:57:12","guid":{"rendered":"https:\/\/www.europesays.com\/fr\/606028\/"},"modified":"2025-12-17T20:57:12","modified_gmt":"2025-12-17T20:57:12","slug":"edition-du-mercredi-17-decembre-2025-en-replay-journal-20h00-france-tv","status":"publish","type":"post","link":"https:\/\/www.europesays.com\/fr\/606028\/","title":{"rendered":"\u00c9dition du mercredi 17 d\u00e9cembre 2025 en replay &#8211; Journal 20h00 &#8211; France TV"},"content":{"rendered":"<ol>\n<li><a href=\"https:\/\/news.google.com\/rss\/articles\/CBMimgFBVV95cUxQMVhWV1dIODYzYV9mQzZsZXhlVHM1UGo1aFFlT2JwNXVINHBDcDJveGE4aC1NRDliQ2pLcWFuS3BXcHJ2WG9EQTNJVmw4TlZlUVBpZlpmWjU4R0pUMGk3RHBMNlRpc3NZR01xTmpfN25lRlIwckFMOGxqUVZiRkFPNkhLNDlDdG5uOEdYUXhKOEZVWHJZQk0weVZn?oc=5\" target=\"_blank\" rel=\"noopener\">\u00c9dition du mercredi 17 d\u00e9cembre 2025 en replay &#8211; Journal 20h00<\/a>&nbsp;&nbsp;France TV<\/li>\n<li><a href=\"https:\/\/news.google.com\/rss\/articles\/CBMimgFBVV95cUxQU0t5c2pJUkxnZlZPUXNfN0VoTDlBcVNpdWFabzcyc0d3ZG5ySjBzOGptSnpJN3pJWlhqMzNLbW9jMkp5d3Z4Mkc2YXdWb19WSVFZSmhtY3E3MmNiLWxuYlp0VGlZQzJlWUpTTGR5Zmg5UTRJR2oxR0loUElrY2hrY1p2UU1Na0JycUd0YUhBVTV5dU9QNDFSaHJB?oc=5\" target=\"_blank\" rel=\"noopener\">\u00c9dition du mercredi 17 d\u00e9cembre 2025 en replay &#8211; Journal 13h00<\/a>&nbsp;&nbsp;France TV<\/li>\n<li><a href=\"https:\/\/news.google.com\/rss\/articles\/CBMirwFBVV95cUxQQ2lpdkNWei1EYlZVd1gxTVVFclZnUmJobHVSeXlkMmJseVJhV1QzcVhiMGotU3JfRHZRbDJYWEZHN0pBNF84T2pVNGtpZ2VsLVdlQW9sd0laZjQ2c3JhTDRPbnBzNkJZYWl4ZENaY0JNeXhuUlZnMkdFNWlhb1NkNE9meVV5REkwNWg2X1ZHT1NFXzhlVzJQTFJYTHdmanNDcG9KVy1OemxyclROdkQ0?oc=5\" target=\"_blank\" rel=\"noopener\">Le 16h\/18h du Mercredi 17 d\u00e9cembre 2025<\/a>&nbsp;&nbsp;Franceinfo<\/li>\n<li><a href=\"https:\/\/news.google.com\/rss\/articles\/CBMikwFBVV95cUxOQ0pDY1R6dGl5LWNJWk4tNE9uY3JndTJNVzcxUWliVlB0d21nVVpKQUUwMDljNXRYVUEzMHJxRUlyaWVmUEdQNy02WU9UemtyUmlCNE1qUmpXc3JMMXQyM3RTWDlZOTE2NlhfUkxzMEotaWpjWks1N0dhY196YTliWWdaaGY5S1ZDZkJVcDN5Z2liMkU?oc=5\" target=\"_blank\" rel=\"noopener\">L\u2019info | Mercredi 17 d\u00e9cembre 2025<\/a>&nbsp;&nbsp;Puissance T\u00e9l\u00e9vision<\/li>\n<li><a href=\"https:\/\/news.google.com\/rss\/articles\/CBMi8wFBVV95cUxPVXVUNVB6RVBieHNiMThkTHlZU1A2VWE5MFBGbDR5b3dLcEsyNTR2SXN1X081TE5yaVpDRVlEdzdvTWE0SUY1eWxhejBsOVRRQ0JkVEVEQVY1M1Bzai1zbXI0RU5sVTBlUXBjN1EzMkZtb29zQlB4YTF5LWJWVzVrQlZBdG1ZeDVQWGkyZjJsaDBaTURVenhqR2d0NEhQRE0xeFdSd25jaV9kNkJmQ0RLY2lYNlVNN1NEaGN5dmNGS3RaemNEWTRhYmtRMWMxb3pYMFhPVlk4Zi1FTUl4U1BSUWdESTVPdUdfOVBncGlvVFZnVWPSAfgBQVVfeXFMT2kzUWFaRWFyZTdSaVJNZjJuTXNLRXZramhWVk02cHNHMl8yM3dIYmdhQkw0UENxRjNNUVRvSE95SjlCZ3FoQ2JaMW1scjlMVHlNSmh3MzNMeUNYdzNZUGJBbFcyYU5hQzFDbDA1T2htUnVvNGNERk9nTDV6WWlabTF0TmZOUDVhNEo0bkRmMFBpSVoxaDFYOTBuSkZUandkcXY5MlhpM19wZVBQdHNvOXRUeXhwaGc1ckFBZ3A1cEoybndtTHh0RjRqVjlpNVFYNFd2LVE3SnY1LWxSbmpOcC1EZ2I3TTRJYnBuSElJOWlqSGJkdUJiYlk?oc=5\" target=\"_blank\" rel=\"noopener\">La revue de presse quotidienne du 17 d\u00e9cembre 2025 : \u00e9nergie, intelligence artificielle, comp\u00e9titivit\u00e9<\/a>&nbsp;&nbsp;Techniques de l&rsquo;Ing\u00e9nieur<\/li>\n<\/ol>\n","protected":false},"excerpt":{"rendered":"\u00c9dition du mercredi 17 d\u00e9cembre 2025 en replay &#8211; Journal 20h00&nbsp;&nbsp;France TV \u00c9dition du mercredi 17 d\u00e9cembre 2025&hellip;\n","protected":false},"author":2,"featured_media":606029,"comment_status":"","ping_status":"","sticky":false,"template":"","format":"standard","meta":{"footnotes":""},"categories":[1356],"tags":[58,59,1011,27,252,1364],"class_list":{"0":"post-606028","1":"post","2":"type-post","3":"status-publish","4":"format-standard","5":"has-post-thumbnail","7":"category-television","8":"tag-divertissement","9":"tag-entertainment","10":"tag-fr","11":"tag-france","12":"tag-television","13":"tag-tv"},"share_on_mastodon":{"url":"https:\/\/pubeurope.com\/@fr\/115736913199874182","error":""},"_links":{"self":[{"href":"https:\/\/www.europesays.com\/fr\/wp-json\/wp\/v2\/posts\/606028","targetHints":{"allow":["GET"]}}],"collection":[{"href":"https:\/\/www.europesays.com\/fr\/wp-json\/wp\/v2\/posts"}],"about":[{"href":"https:\/\/www.europesays.com\/fr\/wp-json\/wp\/v2\/types\/post"}],"author":[{"embeddable":true,"href":"https:\/\/www.europesays.com\/fr\/wp-json\/wp\/v2\/users\/2"}],"replies":[{"embeddable":true,"href":"https:\/\/www.europesays.com\/fr\/wp-json\/wp\/v2\/comments?post=606028"}],"version-history":[{"count":0,"href":"https:\/\/www.europesays.com\/fr\/wp-json\/wp\/v2\/posts\/606028\/revisions"}],"wp:featuredmedia":[{"embeddable":true,"href":"https:\/\/www.europesays.com\/fr\/wp-json\/wp\/v2\/media\/606029"}],"wp:attachment":[{"href":"https:\/\/www.europesays.com\/fr\/wp-json\/wp\/v2\/media?parent=606028"}],"wp:term":[{"taxonomy":"category","embeddable":true,"href":"https:\/\/www.europesays.com\/fr\/wp-json\/wp\/v2\/categories?post=606028"},{"taxonomy":"post_tag","embeddable":true,"href":"https:\/\/www.europesays.com\/fr\/wp-json\/wp\/v2\/tags?post=606028"}],"curies":[{"name":"wp","href":"https:\/\/api.w.org\/{rel}","templated":true}]}}