{"id":606030,"date":"2025-12-17T20:58:12","date_gmt":"2025-12-17T20:58:12","guid":{"rendered":"https:\/\/www.europesays.com\/fr\/606030\/"},"modified":"2025-12-17T20:58:12","modified_gmt":"2025-12-17T20:58:12","slug":"13-993-memos-vocaux-dans-son-telephone-le-chanteur-loin-de-prendre-sa-retraite","status":"publish","type":"post","link":"https:\/\/www.europesays.com\/fr\/606030\/","title":{"rendered":"13\u00a0993\u00a0m\u00e9mos vocaux dans son t\u00e9l\u00e9phone, le chanteur loin de prendre sa retraite"},"content":{"rendered":"<p>\n                            \u00c0 82\u00a0ans, Salvatore Adamo ne compte pas raccrocher son tablier. Et ce ne sont pas ses r\u00e9cents p\u00e9pins de sant\u00e9 qui lui feront changer d&rsquo;avis\u00a0!<\/p>\n<p>Le chanteur <a href=\"https:\/\/www.journaldesfemmes.fr\/people\/personnalites\/2878031-salvatore-adamo-sante-age-vie-privee-que-devient-il-argent-documentaire\/\" title=\"Salvatore Adamo\" target=\"_blank\" rel=\"noopener\">Salvatore Adamo<\/a>, qui vit entre Bruxelles et un appartement situ\u00e9 pr\u00e8s de la place de l&rsquo;Etoile, \u00e0 Paris, est\u00a0toujours aussi passionn\u00e9 par son m\u00e9tier. Le chanteur, aujourd&rsquo;hui \u00e2g\u00e9 de 82 ans, a sorti\u00a0un double-album intitul\u00e9 Des n\u00e8fles et des groseilles. Il a donn\u00e9 des nouvelles de sa sant\u00e9 dans <a href=\"https:\/\/www.lemonde.fr\/culture\/article\/2025\/12\/13\/salvatore-adamo-artisan-des-mots-j-aime-les-chansons-qu-on-croit-sur-parole_6657212_3246.html?random=463405933&amp;random=178894213\" target=\"_blank\" rel=\"noopener\">Le Monde<\/a>.<\/p>\n<p>Salvatore Adamo \u00ab\u00a0tenu \u00e0 l&rsquo;\u00e9cart\u00a0\u00bb \u00e0 cause de probl\u00e8mes de sant\u00e9\u00a0: \u00ab\u00a0Je ne me tourne jamais les pouces\u00a0\u00bb<\/p>\n<p>Un opus compos\u00e9 de pas moins de 25\u00a0titres que l&rsquo;artiste italo-belge, qui a toujours \u00ab\u00a0la flamme du d\u00e9butant\u00a0\u00bb, a mis plusieurs mois \u00e0 fa\u00e7onner. Et pour cause\u00a0! Clo\u00eetr\u00e9 chez lui \u00e0 cause de s\u00e9rieux soucis de sant\u00e9 &#8211; il a d\u00fb lutter contre un oedeme pulmonaire -, Salvatore Adamo a cr\u00e9e sans rel\u00e2che. Et une chose est s\u00fbre\u00a0: il n&rsquo;est pas pr\u00eat de s&rsquo;arr\u00eater de chanter\u00a0! \u00ab\u00a0C&rsquo;est un double parce qu&rsquo;il y a eu une interruption. J&rsquo;ai eu en octobre\u00a02023\u00a0un \u0153d\u00e8me pulmonaire qui m&rsquo;a tenu \u00e0 l&rsquo;\u00e9cart et m&rsquo;a fait annuler des concerts\u00a0\u00bb, a-t-il confi\u00e9 au journal.<\/p>\n<p><a class=\"fancy\" href=\"https:\/\/img-3.journaldesfemmes.fr\/ZeHpNhaYLa2kJ7GDX3L-r5P56cA=\/1080x\/smart\/648dad024c69441fabe2ee7089a3b2a7\/ccmcms-jdf\/40059667.jpg\" target=\"_blank\" rel=\"noopener\"><img decoding=\"async\" alt=\"\" src=\"https:\/\/www.europesays.com\/fr\/wp-content\/uploads\/2025\/12\/40059667.jpg\"\/><\/a><\/p>\n<p>\u00a9\u00a0SIPA <\/p>\n<p>Et\u00a0l&rsquo;interpr\u00e8te du tube Tombe la neige\u00a0d&rsquo;ajouter :\u00a0\u00ab\u00a0J&rsquo;ai aussi eu des probl\u00e8mes de voix il y a deux\u00a0ans\u00a0: elle est revenue, Dieu merci\u00a0! Je touche du bois. Tant qu&rsquo;elle est l\u00e0, je compte enregistrer autant que je peux (&#8230;) Je n&rsquo;ai jamais arr\u00eat\u00e9 d&rsquo;en \u00e9crire (des chansons, ndlr) et je sais que je n&rsquo;aurai pas le temps de chanter toutes celles qu&rsquo;il me reste\u00a0\u00bb.<\/p>\n<p>Salvatore Adamo hyper productif\u00a0: \u00ab\u00a0J&rsquo;enregistre au moins un ou deux d\u00e9parts de chanson par jour\u00a0\u00bb<\/p>\n<p>Que ses fans se rassurent\u00a0: Salvatore Adamo est toujours aussi productif\u00a0! \u00ab\u00a0J&rsquo;enregistre au moins un ou deux d\u00e9parts de chanson par jour\u00a0\u00bb, a-t-il fait savoir au quotidien. Comment\u00a0? Dans ses deux t\u00e9l\u00e9phones portables, un pour la France, l&rsquo;autre pour la Belgique, qui contiennent pas moins de 13\u00a0993\u00a0m\u00e9mos vocaux. Rien que \u00e7a\u00a0!\u00a0<\/p>\n<p>Apr\u00e8s 60\u00a0ans de carri\u00e8re, l&rsquo;artiste n&rsquo;est donc toujours pas lass\u00e9\u00a0: \u00ab\u00a0En fait, j&rsquo;ai de plus en plus le trac. Surtout que je travaille toujours sans prompteur. C&rsquo;est comme \u00e7a que j&rsquo;ai appris le m\u00e9tier \u2013 si c&rsquo;en est un \u2013, en voyant Brassens sur sc\u00e8ne \u00e0 Bobino. Alors, j&rsquo;ai peur du trou de m\u00e9moire. Et peur que le public ne soit pas l\u00e0\u2026\u00a0\u00bb. Quoi qu&rsquo;il en soit, Salvatore Adamo le r\u00e9p\u00e8te dans les colonnes du Courrier de l&rsquo;Ouest\u00a0: \u00ab\u00a0Il faudra me pousser hors de sc\u00e8ne\u00a0\u00bb.\u00a0<\/p>\n","protected":false},"excerpt":{"rendered":"\u00c0 82\u00a0ans, Salvatore Adamo ne compte pas raccrocher son tablier. Et ce ne sont pas ses r\u00e9cents p\u00e9pins&hellip;\n","protected":false},"author":2,"featured_media":606031,"comment_status":"","ping_status":"","sticky":false,"template":"","format":"standard","meta":{"footnotes":""},"categories":[1355],"tags":[3723,71751,51761,58,59,51763,1011,27,51766,1361,873,51767,65198],"class_list":{"0":"post-606030","1":"post","2":"type-post","3":"status-publish","4":"format-standard","5":"has-post-thumbnail","7":"category-musique","8":"tag-actus","9":"tag-cms-journaldesfemmes-3251007","10":"tag-controller-content","11":"tag-divertissement","12":"tag-entertainment","13":"tag-format-papier","14":"tag-fr","15":"tag-france","16":"tag-les-histoires-du-jdf","17":"tag-music","18":"tag-musique","19":"tag-parallaxeinfeed","20":"tag-salvatore-adamo"},"share_on_mastodon":{"url":"https:\/\/pubeurope.com\/@fr\/115736918457448404","error":""},"_links":{"self":[{"href":"https:\/\/www.europesays.com\/fr\/wp-json\/wp\/v2\/posts\/606030","targetHints":{"allow":["GET"]}}],"collection":[{"href":"https:\/\/www.europesays.com\/fr\/wp-json\/wp\/v2\/posts"}],"about":[{"href":"https:\/\/www.europesays.com\/fr\/wp-json\/wp\/v2\/types\/post"}],"author":[{"embeddable":true,"href":"https:\/\/www.europesays.com\/fr\/wp-json\/wp\/v2\/users\/2"}],"replies":[{"embeddable":true,"href":"https:\/\/www.europesays.com\/fr\/wp-json\/wp\/v2\/comments?post=606030"}],"version-history":[{"count":0,"href":"https:\/\/www.europesays.com\/fr\/wp-json\/wp\/v2\/posts\/606030\/revisions"}],"wp:featuredmedia":[{"embeddable":true,"href":"https:\/\/www.europesays.com\/fr\/wp-json\/wp\/v2\/media\/606031"}],"wp:attachment":[{"href":"https:\/\/www.europesays.com\/fr\/wp-json\/wp\/v2\/media?parent=606030"}],"wp:term":[{"taxonomy":"category","embeddable":true,"href":"https:\/\/www.europesays.com\/fr\/wp-json\/wp\/v2\/categories?post=606030"},{"taxonomy":"post_tag","embeddable":true,"href":"https:\/\/www.europesays.com\/fr\/wp-json\/wp\/v2\/tags?post=606030"}],"curies":[{"name":"wp","href":"https:\/\/api.w.org\/{rel}","templated":true}]}}