{"id":606036,"date":"2025-12-17T21:01:24","date_gmt":"2025-12-17T21:01:24","guid":{"rendered":"https:\/\/www.europesays.com\/fr\/606036\/"},"modified":"2025-12-17T21:01:24","modified_gmt":"2025-12-17T21:01:24","slug":"pro-d2-ils-peuvent-avoir-tous-les-internationaux-du-monde-ca-sera-la-meme-guerre-que-lon-fera-comment-beziers-se-prepare-a-recevoir-le-leader-vannetais","status":"publish","type":"post","link":"https:\/\/www.europesays.com\/fr\/606036\/","title":{"rendered":"Pro D2 \u2013 \u00ab\u00a0Ils peuvent avoir tous les internationaux du monde, \u00e7a sera la m\u00eame guerre que l\u2019on fera\u00a0\u00bb : comment B\u00e9ziers se pr\u00e9pare \u00e0 recevoir le leader vannetais"},"content":{"rendered":"<p>\n                Pour la derni\u00e8re lev\u00e9e du championnat de Pro D2, les Biterrois recevront jeudi soir, le leader vannetais au Stade Raoul-Barri\u00e8re. Alors que le club h\u00e9raultais a \u00e9t\u00e9 sanctionn\u00e9 de deux points au classement cette semaine par la Commission de Contr\u00f4le des championnats professionnels, l\u2019ASBH s\u2019est pr\u00e9par\u00e9e en cons\u00e9quence dans la qu\u00eate d\u2019un exploit.\n            <\/p>\n<p>La traditionnelle mise en place pr\u00e9c\u00e9dant la veille de la rencontre a propos\u00e9\u00a0des \u00e9clats de sourires et des accolades en tout genre, alors que les hommes de David Irazoqui pr\u00e9paraient le duel face aux Bretons. Un moment presque d\u2019apesanteur dans le Stade Raoul-Barri\u00e8re, avant les choses s\u00e9rieuses et l\u2019application des derniers r\u00e9glages durant la s\u00e9ance. Une complicit\u00e9 d\u2019un groupe toujours aussi uni et qui devra miser sur une solidarit\u00e9 sans faille pour se confronter au RCV, comme l\u2019indiquait le talonneur Yanis Boulassel\u00a0:\u00a0\u00bbLa semaine fut courte, et si nous commen\u00e7ons par baisser la t\u00eate, cela sera complexe. On a des leaders pour \u00e7a, puis contre Provence, on a relev\u00e9 malgr\u00e9 tout\u00a0du positif, car dans l\u2019engagement et tout ce que l\u2019on met, on est jamais en dedans.\u00a0\u00bb<\/p>\n<p>L\u2019actualit\u00e9 ayant encore apport\u00e9 son lot de nouvelles remettant en cause\u00a0cette fois-ci directement le classement. Deux unit\u00e9s de moins au compteur, ne pouvant laisser insensible un groupe implorant seulement le terrain d\u00e9sormais. L\u2019ancien toulonnais poursuit\u00a0:\u00a0\u00bbNous ne ma\u00eetrisons pas ces d\u00e9cisions. Cela ne nous concerne pas directement, m\u00eame si c\u2019est pour le club. On prend cela en pleine t\u00eate, mais comme je le r\u00e9p\u00e8te, on est tous tr\u00e8s unis. On joue depuis longtemps ensemble, <strong><a href=\"https:\/\/www.rugbyrama.fr\/2025\/12\/07\/pro-d2-le-sportif-a-la-derive-des-tensions-en-coulisses-beziers-un-bastion-en-peril-13097069.php\" target=\"_self\" rel=\"noopener\">et si c\u2019est tr\u00e8s compliqu\u00e9 parfois<\/a><\/strong>, on va tout mettre en place pour maintenir le club et faire en sorte d\u2019\u00eatre mieux avant les f\u00eates.\u00a0\u00bb Une d\u00e9cision datant de la saison 2021-2022, et un domaine\u00a0sportif impact\u00e9 \u00e0 l\u2019instar d\u2019autres formations comme Dax et\u00a0Biarritz.<\/p>\n<p>Des signes annonciateurs\u00a0?<\/p>\n<p>Pourtant, malgr\u00e9 un seul succ\u00e8s sur les huit derni\u00e8res rencontres, B\u00e9ziers a propos\u00e9 sa r\u00e9plique sans parvenir \u00e0 l\u2019ordonner. Formation la plus pr\u00e9sente dans les 22 m\u00e8tres adverses de la comp\u00e9tition, la v\u00e9rit\u00e9 n\u2019est peut-\u00eatre pas si loin pour les joueurs du bord de l\u2019Orb. L\u2019entra\u00eeneur David Irazoqui l\u2019explique\u00a0:\u00a0\u00bbLa zone de marque \u00e9tait un secteur que nous n\u2019avions pas travaill\u00e9 de fa\u00e7on pr\u00e9cise. Je crois que cela une priorit\u00e9 \u00e0 partir du d\u00e9but de l\u2019ann\u00e9e prochaine, et on a d\u00e9j\u00e0 commenc\u00e9 \u00e0 en parler cette semaine. Nous sommes la premi\u00e8re \u00e9quipe \u00e0 rentrer dans cette zone du terrain, mais celle aussi qui a le ratio de points le plus bas.\u00a0\u00bb D\u2019autant plus face \u00e0 un adversaire aussi calibr\u00e9 que Vannes, il poursuit\u00a0:<strong>\u00ab\u00a0<a href=\"https:\/\/www.rugbyrama.fr\/2025\/12\/11\/pro-d2-a-vannes-ca-tourne-bien-avant-le-bo-entre-rotations-assumees-et-un-lafage-recordman-13104543.php\" target=\"_self\" rel=\"noopener\">Au-del\u00e0 de la plus belle \u00e9quipe du championnat<\/a>,<\/strong> c\u2019est le plus beau club de Pro D2. Il y a un alignement chez eux, de tout\u00a0en haut vers le bas tr\u00e8s respectueux. Et si j\u2019ai quelques atomes crochus avec cette \u00e9quipe, je crois qu\u2019il faut \u00eatre excit\u00e9s \u00e0 l\u2019id\u00e9e de les recevoir.\u00a0\u00bb<\/p>\n<p>Yanis Boulassel abondait dans ce sens, et se voulait optimiste pour tenter de renverser la montagne bretonne qui se profilait\u00a0:\u00a0\u00bbIl y a effectivement qui parlent en notre faveur, mais ce ne sont que des statistiques. Si on parvenait \u00e0 augmenter, ne serait-ce qu\u2019un petit notre capacit\u00e9 \u00e0 scorer, nous n\u2019en serions pas l\u00e0.\u00a0\u00bb L\u2019enfant de la Rade exprimant ses attentes face \u00e0 un tel adversaire\u00a0:\u00a0\u00bbC\u2019est un match de rugby, ils peuvent avoir tous les internationaux du monde, \u00e7a sera la m\u00eame guerre que l\u2019on mettra. Le tarif il est toujours le m\u00eame, pour essayer d\u2019accrocher le match. Je pense que cette saison, d\u00e8s que l\u2019on croise des grosses \u00e9quipes, inconsciemment on se pr\u00e9pare d\u2019une autre fa\u00e7on. C\u2019est dommage, mais d\u00e8s que l\u2019on a un petit peu peur, on met peut-\u00eatre une autre disquette dans la t\u00eate. <strong><a href=\"https:\/\/www.rugbyrama.fr\/2025\/11\/15\/pro-d2-touche-mais-toujours-aussi-precieux-sam-marques-a-vecu-une-drole-de-soiree-face-a-brive-13054040.php\" target=\"_self\" rel=\"noopener\">Face \u00e0 Brive r\u00e9cemment<\/a><\/strong>, on avait su le faire, j\u2019esp\u00e8re qu\u2019on sera en mesure de le r\u00e9\u00e9diter contre Vannes.\u00a0\u00bb<\/p>\n<p>Cl\u00e9ment Ancely suspendu de derni\u00e8re minute<\/p>\n<p>Pour d\u00e9fier les troupes de\u00a0Jean-No\u00ebl Spitzer, les H\u00e9raultais retrouveront quelques forces vives, dont le retour au centre du terrain de Taylor Gontineac remis de son protocole commotion. \u00c0 noter la pr\u00e9sence de Shahn Eru en deuxi\u00e8me ligne en compagnie de Cameron Dodson, tandis que Nicolas Plazy sera associ\u00e9 \u00e0 l\u2019international roumain au centre de l\u2019attaque. Damien Anon poursuivra\u00a0encore \u00e0 l\u2019arri\u00e8re avec l\u2019absence prolong\u00e9e de Baltazar Amaya. Mais l\u2019infirmation principale de derni\u00e8re minute r\u00e9sidait aupr\u00e8s de la pr\u00e9sence de Cl\u00e9ment Ancely. Absent de la mise en place du matin alors qu\u2019il \u00e9tait en visio pour expliquer son comportement aupr\u00e8s du quatri\u00e8me arbitre face \u00e0 Soyaux-Angoul\u00eame, le flanker biterrois a \u00e9t\u00e9\u00a0suspendu deux semaines\u00a0par la commission de discipline de la LNR. Il\u00a0n\u2019effectuera son retour que lors du prochain d\u00e9placement \u00e0 Valence-Romans en janvier\u00a02026.<\/p>\n","protected":false},"excerpt":{"rendered":"Pour la derni\u00e8re lev\u00e9e du championnat de Pro D2, les Biterrois recevront jeudi soir, le leader vannetais au&hellip;\n","protected":false},"author":2,"featured_media":606037,"comment_status":"","ping_status":"","sticky":false,"template":"","format":"standard","meta":{"footnotes":""},"categories":[9],"tags":[1011,27,2308,68796,60],"class_list":{"0":"post-606036","1":"post","2":"type-post","3":"status-publish","4":"format-standard","5":"has-post-thumbnail","7":"category-sports","8":"tag-fr","9":"tag-france","10":"tag-pro-d2","11":"tag-rugby-u00e0-xv","12":"tag-sports"},"share_on_mastodon":{"url":"https:\/\/pubeurope.com\/@fr\/115736928930613947","error":""},"_links":{"self":[{"href":"https:\/\/www.europesays.com\/fr\/wp-json\/wp\/v2\/posts\/606036","targetHints":{"allow":["GET"]}}],"collection":[{"href":"https:\/\/www.europesays.com\/fr\/wp-json\/wp\/v2\/posts"}],"about":[{"href":"https:\/\/www.europesays.com\/fr\/wp-json\/wp\/v2\/types\/post"}],"author":[{"embeddable":true,"href":"https:\/\/www.europesays.com\/fr\/wp-json\/wp\/v2\/users\/2"}],"replies":[{"embeddable":true,"href":"https:\/\/www.europesays.com\/fr\/wp-json\/wp\/v2\/comments?post=606036"}],"version-history":[{"count":0,"href":"https:\/\/www.europesays.com\/fr\/wp-json\/wp\/v2\/posts\/606036\/revisions"}],"wp:featuredmedia":[{"embeddable":true,"href":"https:\/\/www.europesays.com\/fr\/wp-json\/wp\/v2\/media\/606037"}],"wp:attachment":[{"href":"https:\/\/www.europesays.com\/fr\/wp-json\/wp\/v2\/media?parent=606036"}],"wp:term":[{"taxonomy":"category","embeddable":true,"href":"https:\/\/www.europesays.com\/fr\/wp-json\/wp\/v2\/categories?post=606036"},{"taxonomy":"post_tag","embeddable":true,"href":"https:\/\/www.europesays.com\/fr\/wp-json\/wp\/v2\/tags?post=606036"}],"curies":[{"name":"wp","href":"https:\/\/api.w.org\/{rel}","templated":true}]}}